{"id":19711,"date":"2017-11-01T19:49:40","date_gmt":"2017-11-01T22:49:40","guid":{"rendered":"http:\/\/informeformosa.com.ar\/?p=19711"},"modified":"2017-11-01T19:49:40","modified_gmt":"2017-11-01T22:49:40","slug":"continuan-las-repercusiones-tras-el-pedido-de-ajustes-por-parte-de-macri","status":"publish","type":"post","link":"http:\/\/informeformosa.com.ar\/?p=19711","title":{"rendered":"Contin\u00faan las repercusiones tras el pedido de ajustes por parte de Macri"},"content":{"rendered":"<p>Luego de que el presidente de la Naci\u00f3n Mauricio Macri asegurara que existe una sobrepoblaci\u00f3n de docentes universitarios, varios sectores y gremios de educadores mostraron su repudio a estos dichos y a los ajustes que pretenden realizarse desde Naci\u00f3n.<\/p>\n<p>La profesora Karina Gimenez quien adem\u00e1s es la secretaria general del gremio de docentes universitarios (ADUFOR) de la provincia de Formosa tuvo duras declaraciones respecto a las medidas de ajustes anunciadas por el presidente para la educaci\u00f3n universitaria<\/p>\n<p>\u201cLamentablemente no esper\u00e1bamos otra cosa del presidente, estas medidas reflejan la estructura ideol\u00f3gica que abraza Macri, pedir a las universidades p\u00fablicas que se \u201cajusten\u201d en vez de hacer el mismo pedido al sector exportador, al sector de las mineras, refleja su pensamiento e ideolog\u00eda\u201d.<\/p>\n<p>Adem\u00e1s vaticin\u00f3 que \u201cDesnuda esta concepci\u00f3n de la educaci\u00f3n p\u00fablica como un bien que no\u00a0 es para cualquiera, yo creo que es la concepci\u00f3n de que se va a educar y se va a educar con calidad a aquel que tiene para pagar esa educaci\u00f3n. Esto refleja que va a ser un 2018 duro y que aquel que este desprevenido la va a pasar muy mal\u201d .<\/p>\n","protected":false},"excerpt":{"rendered":"<p>Luego de que el presidente de la Naci\u00f3n Mauricio Macri asegurara que existe una sobrepoblaci\u00f3n de docentes universitarios, varios sectores y gremios de educadores mostraron su repudio a estos dichos y a los ajustes que pretenden realizarse desde Naci\u00f3n. La profesora Karina Gimenez quien adem\u00e1s es la secretaria general del gremio de docentes universitarios (ADUFOR) [&hellip;]<\/p>\n","protected":false},"author":11,"featured_media":19721,"comment_status":"open","ping_status":"open","sticky":false,"template":"","format":"standard","meta":{"footnotes":""},"categories":[6],"tags":[],"class_list":["post-19711","post","type-post","status-publish","format-standard","has-post-thumbnail","hentry","category-nacionales"],"_links":{"self":[{"href":"http:\/\/informeformosa.com.ar\/index.php?rest_route=\/wp\/v2\/posts\/19711","targetHints":{"allow":["GET"]}}],"collection":[{"href":"http:\/\/informeformosa.com.ar\/index.php?rest_route=\/wp\/v2\/posts"}],"about":[{"href":"http:\/\/informeformosa.com.ar\/index.php?rest_route=\/wp\/v2\/types\/post"}],"author":[{"embeddable":true,"href":"http:\/\/informeformosa.com.ar\/index.php?rest_route=\/wp\/v2\/users\/11"}],"replies":[{"embeddable":true,"href":"http:\/\/informeformosa.com.ar\/index.php?rest_route=%2Fwp%2Fv2%2Fcomments&post=19711"}],"version-history":[{"count":0,"href":"http:\/\/informeformosa.com.ar\/index.php?rest_route=\/wp\/v2\/posts\/19711\/revisions"}],"wp:featuredmedia":[{"embeddable":true,"href":"http:\/\/informeformosa.com.ar\/index.php?rest_route=\/wp\/v2\/media\/19721"}],"wp:attachment":[{"href":"http:\/\/informeformosa.com.ar\/index.php?rest_route=%2Fwp%2Fv2%2Fmedia&parent=19711"}],"wp:term":[{"taxonomy":"category","embeddable":true,"href":"http:\/\/informeformosa.com.ar\/index.php?rest_route=%2Fwp%2Fv2%2Fcategories&post=19711"},{"taxonomy":"post_tag","embeddable":true,"href":"http:\/\/informeformosa.com.ar\/index.php?rest_route=%2Fwp%2Fv2%2Ftags&post=19711"}],"curies":[{"name":"wp","href":"https:\/\/api.w.org\/{rel}","templated":true}]}}