{"id":19709,"date":"2017-11-01T19:44:34","date_gmt":"2017-11-01T22:44:34","guid":{"rendered":"http:\/\/informeformosa.com.ar\/?p=19709"},"modified":"2017-11-01T19:44:34","modified_gmt":"2017-11-01T22:44:34","slug":"formosa-ratifico-decision-de-no-transferir-a-la-esfera-nacional-su-sistema-previsional","status":"publish","type":"post","link":"http:\/\/informeformosa.com.ar\/?p=19709","title":{"rendered":"Formosa ratifico decisi\u00f3n de no transferir a la esfera nacional su sistema previsional"},"content":{"rendered":"<p>\u201cFormosa a partir de la decisi\u00f3n pol\u00edtica del doctor Gildo Insfran\u00a0 ratifico que no transferir\u00e1 a la esfera nacional su sistema previsional, esto significa que tenemos absoluta soberan\u00eda sobre nuestro r\u00e9gimen de previsi\u00f3n social\u201d, \u00a0afirmo el administrador de la Caja de Previsi\u00f3n Social, Gustavo L\u00f3pez\u00a0 Pe\u00f1a.<\/p>\n<p>Dijo que esta medida \u201cse ve reflejada en el 82 % que se paga a las jubilaciones y que est\u00e1 fijada en la Constituci\u00f3n Provincial como as\u00ed tambi\u00e9n la movilidad de la misma\u201d, destac\u00f3. Y pidi\u00f3 tener en cuenta que \u201cLa movilidad en Formosa opera de acuerdo a cada variaci\u00f3n salarial que sufren los activos, autom\u00e1ticamente esto se reproduce en los pasivos\u201d.<\/p>\n<p>Record\u00f3 tambi\u00e9n que \u201ceste a\u00f1o hubo una mejora salarial del 30%, este aumento de manera autom\u00e1tica se reflej\u00f3 en los pasivos, para nosotros es un beneficio que seamos independientes de Naci\u00f3n\u201d.<\/p>\n<p>Record\u00f3 que \u201cen el a\u00f1o 1999 se firm\u00f3 un acuerdo federal donde las provincias deb\u00edan ceder 15 puntos de su Coparticipaci\u00f3n Federal de impuestos para sostener el sistema nacional de jubilaciones.<\/p>\n<p>En el a\u00f1o 2016 la provincia por pedido de Naci\u00f3n adecu\u00f3 su r\u00e9gimen al nacional mediante la ley 1638. En Formosa cualquier variaci\u00f3n que tengan los salarios activos autom\u00e1ticamente se reflejan en los pasivos, esto no ocurre con Naci\u00f3n ya que a nivel nacional esto ocurre dos veces al a\u00f1o\u201d.<\/p>\n<p>L\u00f3pez Pe\u00f1a expuso que luego de la reuni\u00f3n que tuvimos los presidentes de las cajas de previsi\u00f3n social del pa\u00eds, \u201cFormosa le exige a la Naci\u00f3n que nos env\u00eden los fondos que aun no han sido transferidos, dentro del cual se encuentran la totalidad del d\u00e9ficit calculado del a\u00f1o 2016 m\u00e1s lo que se deduzca para el a\u00f1o 2017\u201d.<\/p>\n<p>Con respecto a la posibilidad de que Formosa se vea obligada a transferir la caja afirm\u00f3 que \u201cNosotros tenemos autonom\u00eda en la provincia, la decisi\u00f3n del doctor Insfr\u00e1n fue de no transferir nuestro sistema provisional, esto se relaciona con las prestaciones y servicios que se pagan habitualmente, como es el caso de la jubilaciones\u201d.<\/p>\n<p>En este sentido record\u00f3 que \u201csi nosotros hubi\u00e9ramos transferido la Caja a la Naci\u00f3n el monto de las jubilaciones seria menor.\u00a0 La jubilaci\u00f3n m\u00ednima actual de la provincia es superior en $1000 comparada con la de la naci\u00f3n\u201d, significando que \u201csomos una de las provincias que tiene el monto m\u00e1s alto de la jubilaci\u00f3n m\u00ednima de todo el norte argentino y es por esto que defendemos nuestro sistema, defendemos a todos los formose\u00f1os porque esto no se relaciona con ning\u00fan partido pol\u00edtico, ni ideolog\u00eda, simplemente se trata de defender el sueldo de los formose\u00f1os, las jubilaciones de los formose\u00f1os y las arcas del tesoro provincial\u201d, concluy\u00f3.<\/p>\n","protected":false},"excerpt":{"rendered":"<p>\u201cFormosa a partir de la decisi\u00f3n pol\u00edtica del doctor Gildo Insfran\u00a0 ratifico que no transferir\u00e1 a la esfera nacional su sistema previsional, esto significa que tenemos absoluta soberan\u00eda sobre nuestro r\u00e9gimen de previsi\u00f3n social\u201d, \u00a0afirmo el administrador de la Caja de Previsi\u00f3n Social, Gustavo L\u00f3pez\u00a0 Pe\u00f1a. Dijo que esta medida \u201cse ve reflejada en el [&hellip;]<\/p>\n","protected":false},"author":11,"featured_media":19716,"comment_status":"open","ping_status":"open","sticky":false,"template":"","format":"standard","meta":{"footnotes":""},"categories":[21],"tags":[],"class_list":["post-19709","post","type-post","status-publish","format-standard","has-post-thumbnail","hentry","category-provinciales"],"_links":{"self":[{"href":"http:\/\/informeformosa.com.ar\/index.php?rest_route=\/wp\/v2\/posts\/19709","targetHints":{"allow":["GET"]}}],"collection":[{"href":"http:\/\/informeformosa.com.ar\/index.php?rest_route=\/wp\/v2\/posts"}],"about":[{"href":"http:\/\/informeformosa.com.ar\/index.php?rest_route=\/wp\/v2\/types\/post"}],"author":[{"embeddable":true,"href":"http:\/\/informeformosa.com.ar\/index.php?rest_route=\/wp\/v2\/users\/11"}],"replies":[{"embeddable":true,"href":"http:\/\/informeformosa.com.ar\/index.php?rest_route=%2Fwp%2Fv2%2Fcomments&post=19709"}],"version-history":[{"count":0,"href":"http:\/\/informeformosa.com.ar\/index.php?rest_route=\/wp\/v2\/posts\/19709\/revisions"}],"wp:featuredmedia":[{"embeddable":true,"href":"http:\/\/informeformosa.com.ar\/index.php?rest_route=\/wp\/v2\/media\/19716"}],"wp:attachment":[{"href":"http:\/\/informeformosa.com.ar\/index.php?rest_route=%2Fwp%2Fv2%2Fmedia&parent=19709"}],"wp:term":[{"taxonomy":"category","embeddable":true,"href":"http:\/\/informeformosa.com.ar\/index.php?rest_route=%2Fwp%2Fv2%2Fcategories&post=19709"},{"taxonomy":"post_tag","embeddable":true,"href":"http:\/\/informeformosa.com.ar\/index.php?rest_route=%2Fwp%2Fv2%2Ftags&post=19709"}],"curies":[{"name":"wp","href":"https:\/\/api.w.org\/{rel}","templated":true}]}}