{"id":19708,"date":"2017-11-01T19:41:05","date_gmt":"2017-11-01T22:41:05","guid":{"rendered":"http:\/\/informeformosa.com.ar\/?p=19708"},"modified":"2017-11-01T19:41:05","modified_gmt":"2017-11-01T22:41:05","slug":"basterra-lamento-que-buryaile-haya-pasado-sin-pena-ni-gloria-por-un-ministerio-nacional","status":"publish","type":"post","link":"http:\/\/informeformosa.com.ar\/?p=19708","title":{"rendered":"Basterra lamento que Buryaile \u201chaya pasado sin pena ni gloria por un ministerio nacional\u201d"},"content":{"rendered":"<p>El diputado Luis Basterra brind\u00f3 su opini\u00f3n sobre la salida de Ricardo Buryaile del ministerio de Agroindustria, y dijo que es \u201cuna oportunidad perdida\u201d para Formosa.<\/p>\n<p>El legislador del Frente de la Victoria admiti\u00f3 que en el Congreso de la Naci\u00f3n \u201cse ven\u00eda hablando de la falta de resultados de Buryaile en el Ministerio, no se vieron resultados de manera directa por lo que su salida es l\u00f3gica\u201d.<\/p>\n<p>Record\u00f3 que la quita de retenciones gener\u00f3 un \u00e1nimo de aliento entre los productores, quienes estaban contentos con el cambio de gobierno porque en un primer momento significaba la reivindicaci\u00f3n del sector pero despu\u00e9s no hubo acciones concretas del ministro saliente.<\/p>\n<p>Al finalizar, Basterra lament\u00f3 que \u201cla \u00fanica oportunidad que tuvimos los formose\u00f1os de tener un representante directo en un Ministerio como el de Agroindustria se dio de baja. Es muy penoso, uno hubiera esperado que se ponga a coordinar y a articular acciones con el gobierno de la provincia pero no nos ha dejado nada, y para nosotros es una oportunidad perdida para Formosa. Desgraciadamente Buryaile pas\u00f3 sin pena ni gloria por un Ministerio importante\u201d.<\/p>\n","protected":false},"excerpt":{"rendered":"<p>El diputado Luis Basterra brind\u00f3 su opini\u00f3n sobre la salida de Ricardo Buryaile del ministerio de Agroindustria, y dijo que es \u201cuna oportunidad perdida\u201d para Formosa. El legislador del Frente de la Victoria admiti\u00f3 que en el Congreso de la Naci\u00f3n \u201cse ven\u00eda hablando de la falta de resultados de Buryaile en el Ministerio, no [&hellip;]<\/p>\n","protected":false},"author":11,"featured_media":9651,"comment_status":"open","ping_status":"open","sticky":false,"template":"","format":"standard","meta":{"footnotes":""},"categories":[3],"tags":[],"class_list":["post-19708","post","type-post","status-publish","format-standard","has-post-thumbnail","hentry","category-politica-y-economia"],"_links":{"self":[{"href":"http:\/\/informeformosa.com.ar\/index.php?rest_route=\/wp\/v2\/posts\/19708","targetHints":{"allow":["GET"]}}],"collection":[{"href":"http:\/\/informeformosa.com.ar\/index.php?rest_route=\/wp\/v2\/posts"}],"about":[{"href":"http:\/\/informeformosa.com.ar\/index.php?rest_route=\/wp\/v2\/types\/post"}],"author":[{"embeddable":true,"href":"http:\/\/informeformosa.com.ar\/index.php?rest_route=\/wp\/v2\/users\/11"}],"replies":[{"embeddable":true,"href":"http:\/\/informeformosa.com.ar\/index.php?rest_route=%2Fwp%2Fv2%2Fcomments&post=19708"}],"version-history":[{"count":0,"href":"http:\/\/informeformosa.com.ar\/index.php?rest_route=\/wp\/v2\/posts\/19708\/revisions"}],"wp:featuredmedia":[{"embeddable":true,"href":"http:\/\/informeformosa.com.ar\/index.php?rest_route=\/wp\/v2\/media\/9651"}],"wp:attachment":[{"href":"http:\/\/informeformosa.com.ar\/index.php?rest_route=%2Fwp%2Fv2%2Fmedia&parent=19708"}],"wp:term":[{"taxonomy":"category","embeddable":true,"href":"http:\/\/informeformosa.com.ar\/index.php?rest_route=%2Fwp%2Fv2%2Fcategories&post=19708"},{"taxonomy":"post_tag","embeddable":true,"href":"http:\/\/informeformosa.com.ar\/index.php?rest_route=%2Fwp%2Fv2%2Ftags&post=19708"}],"curies":[{"name":"wp","href":"https:\/\/api.w.org\/{rel}","templated":true}]}}