{"id":19706,"date":"2017-11-01T19:39:43","date_gmt":"2017-11-01T22:39:43","guid":{"rendered":"http:\/\/informeformosa.com.ar\/?p=19706"},"modified":"2017-11-01T19:39:43","modified_gmt":"2017-11-01T22:39:43","slug":"barbarita-palacios-por-primera-vez-en-formosa-presenta-su-disco-solista-si-va","status":"publish","type":"post","link":"http:\/\/informeformosa.com.ar\/?p=19706","title":{"rendered":"Barbarita Palacios por primera vez en Formosa, presenta su disco solista \u201cSi va\u201d"},"content":{"rendered":"<p>Barbarita Palacios, cantante, guitarrista y compositora, es\u00a0 una de las voces m\u00e1s influyentes de la d\u00e9cada, con su b\u00fasqueda de uni\u00f3n entre el folklore argentino de ra\u00edz m\u00e1s pura y el sonido y la actitud del rock m\u00e1s crudo y grunge. Por primera vez llega a Formosa a presentar su disco solista Si va, producido por Gustavo Santaolalla, Daniel Martin y An\u00edbal Kerpel, editado por Sony Music Argentina y ganador del Premio Gardel 2016 a Mejor Album de Folklore Alternativo.<\/p>\n<p>En su gira por el NEA y por el Paraguay, Barbarita se presentar\u00e1 en la ciudad de Formosa el s\u00e1bado 18 de noviembre, en Tramb\u00f3lico Cultubar, de la mano de Pu-Rec Estudio, junto a su banda integrada por Javier Casalla (viol\u00edn y guitarra),\u00a0 fundador y miembro estable de Bajofondo; Juan Manuel Ram\u00edrez (Guauchos), en bater\u00eda, y Nicol\u00e1s Rainone, en guitarra, bajo, programaciones y coro.<\/p>\n<p>Barbarita viene desarrollando un camino sonoro que fue abriendo nuevas vetas dentro de la m\u00fasica de ra\u00edz folkl\u00f3rica, y en su primer disco solista volc\u00f3 toda la experiencia adquirida en proyectos colectivos: en 2001 form\u00f3 Semilla, grupo de folklore-rock que edit\u00f3 su \u00fanico \u00e1lbum en 2007, bajo la producci\u00f3n de Gustavo Santaolla, junto a Pablo Romero y Eduardo Schmidt (Arbol); y buscando un lugar donde tocar y reunirse con pares, formaron La Pe\u00f1a El\u00e9ctrica que supo congregar a muchos de los m\u00fasicos y grupos j\u00f3venes con una visi\u00f3n renovadora y sin prejuicios del folklore argentino y latinoamericano.<\/p>\n<p>Tambi\u00e9n form\u00f3 parte de Terrapl\u00e9n, proyecto colectivo de ra\u00edces folkl\u00f3ricas fundado por Gustavo Santaolalla junto a Daniel Mart\u00edn, Diego Wainer y Gaby Kerpel, como productores asociados<\/p>\n<p>Otros proyectos que ligan a Barbarita con m\u00fasicos igualmente talentosos es el d\u00fao Las Huevas, junto a Sof\u00eda Viola, donde combinan canciones propias con otras del repertorio latinoamericano, y Trenzadas, proyecto de ra\u00edz folkl\u00f3rica junto a Mariana Baraj y la formose\u00f1a Charo Bogar\u00edn (Tonolec), y es convocada junto a Liliana Herrero, Luciana Jury, Loli Molina y Miss Bolivia entre otras cantantes al espect\u00e1culo Se Trata De Nosotras que gira por el pa\u00eds buscando concientizar sobre el problema de la trata de personas.<\/p>\n<p>En su gira por estas tierras, Barbarita se presentar\u00e1 el jueves 16, en Asunci\u00f3n, Paraguay; el viernes 17, en Resistencia, Chaco; el s\u00e1bado 18 en Formosa, y el domingo 19, en Corrientes.<\/p>\n<p>Desde el a\u00f1o pasado, Barbarita forma parte del proyecto solista Gustavo Santaolalla como multinstrumentista y cantante, actuando en los m\u00e1s prestigiosos teatros de Argentina y Latinoam\u00e9rica.<\/p>\n<p>Actualmente se encuentra trabajando en su segundo \u00e1lbum solista con lanzamiento en el 2018, y llega a Formosa con Si va, un trabajo que certifica el surgimiento de una cantante y compositora tan original como fascinante.<\/p>\n","protected":false},"excerpt":{"rendered":"<p>Barbarita Palacios, cantante, guitarrista y compositora, es\u00a0 una de las voces m\u00e1s influyentes de la d\u00e9cada, con su b\u00fasqueda de uni\u00f3n entre el folklore argentino de ra\u00edz m\u00e1s pura y el sonido y la actitud del rock m\u00e1s crudo y grunge. Por primera vez llega a Formosa a presentar su disco solista Si va, producido [&hellip;]<\/p>\n","protected":false},"author":11,"featured_media":19713,"comment_status":"open","ping_status":"open","sticky":false,"template":"","format":"standard","meta":{"footnotes":""},"categories":[21],"tags":[],"class_list":["post-19706","post","type-post","status-publish","format-standard","has-post-thumbnail","hentry","category-provinciales"],"_links":{"self":[{"href":"http:\/\/informeformosa.com.ar\/index.php?rest_route=\/wp\/v2\/posts\/19706","targetHints":{"allow":["GET"]}}],"collection":[{"href":"http:\/\/informeformosa.com.ar\/index.php?rest_route=\/wp\/v2\/posts"}],"about":[{"href":"http:\/\/informeformosa.com.ar\/index.php?rest_route=\/wp\/v2\/types\/post"}],"author":[{"embeddable":true,"href":"http:\/\/informeformosa.com.ar\/index.php?rest_route=\/wp\/v2\/users\/11"}],"replies":[{"embeddable":true,"href":"http:\/\/informeformosa.com.ar\/index.php?rest_route=%2Fwp%2Fv2%2Fcomments&post=19706"}],"version-history":[{"count":0,"href":"http:\/\/informeformosa.com.ar\/index.php?rest_route=\/wp\/v2\/posts\/19706\/revisions"}],"wp:featuredmedia":[{"embeddable":true,"href":"http:\/\/informeformosa.com.ar\/index.php?rest_route=\/wp\/v2\/media\/19713"}],"wp:attachment":[{"href":"http:\/\/informeformosa.com.ar\/index.php?rest_route=%2Fwp%2Fv2%2Fmedia&parent=19706"}],"wp:term":[{"taxonomy":"category","embeddable":true,"href":"http:\/\/informeformosa.com.ar\/index.php?rest_route=%2Fwp%2Fv2%2Fcategories&post=19706"},{"taxonomy":"post_tag","embeddable":true,"href":"http:\/\/informeformosa.com.ar\/index.php?rest_route=%2Fwp%2Fv2%2Ftags&post=19706"}],"curies":[{"name":"wp","href":"https:\/\/api.w.org\/{rel}","templated":true}]}}