{"id":19705,"date":"2017-11-01T19:35:46","date_gmt":"2017-11-01T22:35:46","guid":{"rendered":"http:\/\/informeformosa.com.ar\/?p=19705"},"modified":"2017-11-01T19:35:46","modified_gmt":"2017-11-01T22:35:46","slug":"este-jueves-es-asueto-por-el-dia-de-los-fieles-difuntos","status":"publish","type":"post","link":"http:\/\/informeformosa.com.ar\/?p=19705","title":{"rendered":"Este jueves es asueto por el \u201cD\u00eda de los Fieles Difuntos\u201d"},"content":{"rendered":"<p>Seg\u00fan lo dispuesto por el Poder Ejecutivo Provincial a trav\u00e9s del decreto 336, este jueves 2 es asueto administrativo y escolar con motivo de conmemorarse el D\u00eda de los Fieles Difuntos.<\/p>\n<p>Dado que el gobierno provincial es \u00abfiel int\u00e9rprete del sentimiento religioso de su pueblo\u00bb, estim\u00f3 conveniente declarar asueto administrativo y escolar en todos los niveles y jurisdicciones, en el territorio provincial, a fin de posibilitar a los agentes p\u00fablicos a concurrir a cementerios y lugares donde se oficien misas.<\/p>\n<p>El mismo decreto invita a los Poderes Legislativo y Judicial, a las municipalidades y comisiones de fomento, a entidades bancarias radicadas en la provincia, a adherir a la medida.<\/p>\n<p>&nbsp;<\/p>\n","protected":false},"excerpt":{"rendered":"<p>Seg\u00fan lo dispuesto por el Poder Ejecutivo Provincial a trav\u00e9s del decreto 336, este jueves 2 es asueto administrativo y escolar con motivo de conmemorarse el D\u00eda de los Fieles Difuntos. Dado que el gobierno provincial es \u00abfiel int\u00e9rprete del sentimiento religioso de su pueblo\u00bb, estim\u00f3 conveniente declarar asueto administrativo y escolar en todos los [&hellip;]<\/p>\n","protected":false},"author":11,"featured_media":19703,"comment_status":"open","ping_status":"open","sticky":false,"template":"","format":"standard","meta":{"footnotes":""},"categories":[21],"tags":[],"class_list":["post-19705","post","type-post","status-publish","format-standard","has-post-thumbnail","hentry","category-provinciales"],"_links":{"self":[{"href":"http:\/\/informeformosa.com.ar\/index.php?rest_route=\/wp\/v2\/posts\/19705","targetHints":{"allow":["GET"]}}],"collection":[{"href":"http:\/\/informeformosa.com.ar\/index.php?rest_route=\/wp\/v2\/posts"}],"about":[{"href":"http:\/\/informeformosa.com.ar\/index.php?rest_route=\/wp\/v2\/types\/post"}],"author":[{"embeddable":true,"href":"http:\/\/informeformosa.com.ar\/index.php?rest_route=\/wp\/v2\/users\/11"}],"replies":[{"embeddable":true,"href":"http:\/\/informeformosa.com.ar\/index.php?rest_route=%2Fwp%2Fv2%2Fcomments&post=19705"}],"version-history":[{"count":0,"href":"http:\/\/informeformosa.com.ar\/index.php?rest_route=\/wp\/v2\/posts\/19705\/revisions"}],"wp:featuredmedia":[{"embeddable":true,"href":"http:\/\/informeformosa.com.ar\/index.php?rest_route=\/wp\/v2\/media\/19703"}],"wp:attachment":[{"href":"http:\/\/informeformosa.com.ar\/index.php?rest_route=%2Fwp%2Fv2%2Fmedia&parent=19705"}],"wp:term":[{"taxonomy":"category","embeddable":true,"href":"http:\/\/informeformosa.com.ar\/index.php?rest_route=%2Fwp%2Fv2%2Fcategories&post=19705"},{"taxonomy":"post_tag","embeddable":true,"href":"http:\/\/informeformosa.com.ar\/index.php?rest_route=%2Fwp%2Fv2%2Ftags&post=19705"}],"curies":[{"name":"wp","href":"https:\/\/api.w.org\/{rel}","templated":true}]}}