{"id":19700,"date":"2017-10-31T20:23:45","date_gmt":"2017-10-31T23:23:45","guid":{"rendered":"http:\/\/informeformosa.com.ar\/?p=19700"},"modified":"2017-10-31T20:23:45","modified_gmt":"2017-10-31T23:23:45","slug":"el-poder-judicial-adhirio-al-asueto-por-el-dia-de-los-fieles-difuntos","status":"publish","type":"post","link":"http:\/\/informeformosa.com.ar\/?p=19700","title":{"rendered":"El Poder Judicial adhiri\u00f3 al asueto por el d\u00eda de los fieles difuntos"},"content":{"rendered":"<p>A trav\u00e9s de la resoluci\u00f3n 439\/17, el Superior Tribunal de Justicia de la provincia declar\u00f3 asueto administrativo con suspensi\u00f3n de t\u00e9rminos en todas las dependencias del Poder Judicial el d\u00eda 2 de noviembre del corriente a\u00f1o, con motivo de celebrarse el \u201cD\u00eda de los Fieles Difuntos\u201d.<\/p>\n<p>La decisi\u00f3n fue adoptada en la jornada de ayer, en adhesi\u00f3n a la medida dispuesta por el Decreto Provincial 336\/17.<\/p>\n<p>En los considerados de la resoluci\u00f3n, los ministros del STJ consignaron que por el referido decreto provincial se declar\u00f3 asueto administrativo y escolar en todos sus niveles y jurisdicciones, en el territorio de la provincia, con motivo de celebrarse el d\u00eda 2 de noviembre el \u201cD\u00eda de los Fieles Difuntos\u201d, invit\u00e1ndose a los Poderes Legislativo y Judicial, a las Municipalidades y Comisiones de Fomento y a las entidades Bancarias radicadas en la provincia, a adherir a la medida dispuesta.<\/p>\n<p>Conforme a lo expuesto y compartiendo el esp\u00edritu del Decreto Provincial N\u00ba 336\/17, el STJ consider\u00f3 que corresponde dictar el acto administrativo en adhesi\u00f3n a esta medida.<\/p>\n<p>La resoluci\u00f3n est\u00e1 firmada por el presidente del STJ, Guillermo Horacio Aluc\u00edn y los ministros Eduardo Manuel Hang, Ariel Gustavo Coll y Dr. Ricardo Alberto Cabrera.<\/p>\n","protected":false},"excerpt":{"rendered":"<p>A trav\u00e9s de la resoluci\u00f3n 439\/17, el Superior Tribunal de Justicia de la provincia declar\u00f3 asueto administrativo con suspensi\u00f3n de t\u00e9rminos en todas las dependencias del Poder Judicial el d\u00eda 2 de noviembre del corriente a\u00f1o, con motivo de celebrarse el \u201cD\u00eda de los Fieles Difuntos\u201d. La decisi\u00f3n fue adoptada en la jornada de ayer, [&hellip;]<\/p>\n","protected":false},"author":11,"featured_media":19703,"comment_status":"open","ping_status":"open","sticky":false,"template":"","format":"standard","meta":{"footnotes":""},"categories":[21],"tags":[],"class_list":["post-19700","post","type-post","status-publish","format-standard","has-post-thumbnail","hentry","category-provinciales"],"_links":{"self":[{"href":"http:\/\/informeformosa.com.ar\/index.php?rest_route=\/wp\/v2\/posts\/19700","targetHints":{"allow":["GET"]}}],"collection":[{"href":"http:\/\/informeformosa.com.ar\/index.php?rest_route=\/wp\/v2\/posts"}],"about":[{"href":"http:\/\/informeformosa.com.ar\/index.php?rest_route=\/wp\/v2\/types\/post"}],"author":[{"embeddable":true,"href":"http:\/\/informeformosa.com.ar\/index.php?rest_route=\/wp\/v2\/users\/11"}],"replies":[{"embeddable":true,"href":"http:\/\/informeformosa.com.ar\/index.php?rest_route=%2Fwp%2Fv2%2Fcomments&post=19700"}],"version-history":[{"count":0,"href":"http:\/\/informeformosa.com.ar\/index.php?rest_route=\/wp\/v2\/posts\/19700\/revisions"}],"wp:featuredmedia":[{"embeddable":true,"href":"http:\/\/informeformosa.com.ar\/index.php?rest_route=\/wp\/v2\/media\/19703"}],"wp:attachment":[{"href":"http:\/\/informeformosa.com.ar\/index.php?rest_route=%2Fwp%2Fv2%2Fmedia&parent=19700"}],"wp:term":[{"taxonomy":"category","embeddable":true,"href":"http:\/\/informeformosa.com.ar\/index.php?rest_route=%2Fwp%2Fv2%2Fcategories&post=19700"},{"taxonomy":"post_tag","embeddable":true,"href":"http:\/\/informeformosa.com.ar\/index.php?rest_route=%2Fwp%2Fv2%2Ftags&post=19700"}],"curies":[{"name":"wp","href":"https:\/\/api.w.org\/{rel}","templated":true}]}}