{"id":19699,"date":"2017-10-31T20:20:01","date_gmt":"2017-10-31T23:20:01","guid":{"rendered":"http:\/\/informeformosa.com.ar\/?p=19699"},"modified":"2017-10-31T20:20:01","modified_gmt":"2017-10-31T23:20:01","slug":"ibanez-tratamos-temas-sensibles-como-la-distribucion-de-recursos","status":"publish","type":"post","link":"http:\/\/informeformosa.com.ar\/?p=19699","title":{"rendered":"Ib\u00e1\u00f1ez : \u201cTratamos temas sensibles como la distribuci\u00f3n de recursos\u201d"},"content":{"rendered":"<p>Al t\u00e9rmino de la reuni\u00f3n de ministros de Econom\u00eda provinciales y legisladores realizada este martes en el Consejo Federal de Inversiones, el doctor Jorge Ib\u00e1\u00f1ez informo que se abordaron aspectos del presupuesto para el 2018, que se hizo un an\u00e1lisis especial sobre leyes especiales y el Fondo del Conurbano.<\/p>\n<p>Hizo referencia a un documento en elaboraci\u00f3n que ser\u00e1 presentado a los gobernadores que sintetiza un an\u00e1lisis integral de los principales puntos del proyecto presupuestario en el marco del acuerdo legislativo, en particular aquello m\u00e1s sensible que se refieren a la distribuci\u00f3n de recursos.<\/p>\n<p>Dijo, adem\u00e1s, que se incluyen las leyes especiales\u00a0 de impuesto al cheque, impuesto especial de revalu\u00f3 impositivo, ley de responsabilidad fiscal, la pr\u00f3rroga del impuesto adicional de emergencia a los cigarrillos, el pacto fiscal de 1993 que se vinculan a la tem\u00e1tica de recursos.<\/p>\n<p>\u00abAsimismo- se\u00f1ala Ib\u00e1\u00f1ez- se analizan los puntos m\u00e1s sustanciales referidos a los proyectos de PPP, Participaci\u00f3n Publico Privada, una estimaci\u00f3n de la inversi\u00f3n proyectada y una distribuci\u00f3n aproximada de los mismos por jurisdicci\u00f3n\u00bb.<\/p>\n<p>Aclaro el ministro que el listado es enunciativo y que las propuestas o modificaciones a modificar son simplemente indicativas para iniciar y encauzar la discusi\u00f3n de cada tem\u00e1tica as\u00ed como que \u00a0\u201cnada obsta la posibilidad de ampliar el listado de otros puntos que los\u00a0 gobernadores y legisladores consideren relevantes.<\/p>\n<p>Finalmente, Jorge Ib\u00e1\u00f1ez comento que tambi\u00e9n se incorpora un an\u00e1lisis referido al costo fiscal para las provincias en el caso de un fallo favorable para la provincia de Buenos Aires en el tema Fondo del Conurbano.<\/p>\n","protected":false},"excerpt":{"rendered":"<p>Al t\u00e9rmino de la reuni\u00f3n de ministros de Econom\u00eda provinciales y legisladores realizada este martes en el Consejo Federal de Inversiones, el doctor Jorge Ib\u00e1\u00f1ez informo que se abordaron aspectos del presupuesto para el 2018, que se hizo un an\u00e1lisis especial sobre leyes especiales y el Fondo del Conurbano. Hizo referencia a un documento en [&hellip;]<\/p>\n","protected":false},"author":11,"featured_media":19701,"comment_status":"open","ping_status":"open","sticky":false,"template":"","format":"standard","meta":{"footnotes":""},"categories":[3],"tags":[],"class_list":["post-19699","post","type-post","status-publish","format-standard","has-post-thumbnail","hentry","category-politica-y-economia"],"_links":{"self":[{"href":"http:\/\/informeformosa.com.ar\/index.php?rest_route=\/wp\/v2\/posts\/19699","targetHints":{"allow":["GET"]}}],"collection":[{"href":"http:\/\/informeformosa.com.ar\/index.php?rest_route=\/wp\/v2\/posts"}],"about":[{"href":"http:\/\/informeformosa.com.ar\/index.php?rest_route=\/wp\/v2\/types\/post"}],"author":[{"embeddable":true,"href":"http:\/\/informeformosa.com.ar\/index.php?rest_route=\/wp\/v2\/users\/11"}],"replies":[{"embeddable":true,"href":"http:\/\/informeformosa.com.ar\/index.php?rest_route=%2Fwp%2Fv2%2Fcomments&post=19699"}],"version-history":[{"count":0,"href":"http:\/\/informeformosa.com.ar\/index.php?rest_route=\/wp\/v2\/posts\/19699\/revisions"}],"wp:featuredmedia":[{"embeddable":true,"href":"http:\/\/informeformosa.com.ar\/index.php?rest_route=\/wp\/v2\/media\/19701"}],"wp:attachment":[{"href":"http:\/\/informeformosa.com.ar\/index.php?rest_route=%2Fwp%2Fv2%2Fmedia&parent=19699"}],"wp:term":[{"taxonomy":"category","embeddable":true,"href":"http:\/\/informeformosa.com.ar\/index.php?rest_route=%2Fwp%2Fv2%2Fcategories&post=19699"},{"taxonomy":"post_tag","embeddable":true,"href":"http:\/\/informeformosa.com.ar\/index.php?rest_route=%2Fwp%2Fv2%2Ftags&post=19699"}],"curies":[{"name":"wp","href":"https:\/\/api.w.org\/{rel}","templated":true}]}}