{"id":19685,"date":"2017-10-31T20:15:43","date_gmt":"2017-10-31T23:15:43","guid":{"rendered":"http:\/\/informeformosa.com.ar\/?p=19685"},"modified":"2017-10-31T20:15:43","modified_gmt":"2017-10-31T23:15:43","slug":"mayans-no-compartimos-las-politicas-publicas-del-presidente","status":"publish","type":"post","link":"http:\/\/informeformosa.com.ar\/?p=19685","title":{"rendered":"Mayans: \u201cNo compartimos las pol\u00edticas p\u00fablicas del presidente\u201d"},"content":{"rendered":"<p>El senador nacional formose\u00f1o Miguel Mayans se refiri\u00f3 a las reformas anticipadas por el Presidente de la Naci\u00f3n Mauricio Macri anunciando una serie de medidas de ajuste, acto del que particip\u00f3 el gobernador Gildo Insfr\u00e1n.<\/p>\n<p>\u201cEl gobernador tiene que asistir a una invitaci\u00f3n del Presidente de la Naci\u00f3n, como tambi\u00e9n si tiene que visitar a Formosa lo recibiremos como corresponde. Pero este respeto a su investidura no evita que ratifiquemos que no compartimos sus pol\u00edticas p\u00fablicas\u201d se\u00f1al\u00f3 Mayans.<\/p>\n<p>Dijo que \u201chicieron una convocatoria de di\u00e1logo, pero para m\u00ed lo que dijo ayer de hablar mal de los otros poderes del Estado, de no tener ni un m\u00ednimo sentido de autocr\u00edtica\u2026\u201d<\/p>\n<p>Advirti\u00f3 que \u201cme preocup\u00f3 mucho ayer el discurso del Presidente porque siguen sin decirle la verdad al pueblo argentino, que la consecuencia de esto es la mala administraci\u00f3n que hemos tenido en el gobierno nacional, la mala implementaci\u00f3n de un sistema econ\u00f3mico y ahora tratan de salvarlo con un ajuste salvaje\u201d.<\/p>\n<p>Agreg\u00f3 que \u201cHab\u00eda que corregir algunas cosas, en el 2015 hab\u00eda un gobierno que estaba terminando su ciclo, pero en la forma que hizo el gobierno nacional, en vez de mejorar, empeor\u00f3 todo\u201d.<\/p>\n<p>Para el legislador \u201cel mayor problema que tenemos es el d\u00e9ficit p\u00fablico del Estado nacional: De conjunto Naci\u00f3n-provincias, el 85% es de Naci\u00f3n y el 15% de las provincias, por lo que salta a la vista quien gasta mal. Formosa no tiene d\u00e9ficit y a no se endeud\u00f3\u201d, aclar\u00f3.<\/p>\n<p>Grafic\u00f3 Mayans que \u201clo del Banco Central es letal para el pa\u00eds, est\u00e1 tapando la inflaci\u00f3n con la emisi\u00f3n de LEBACS, que est\u00e1n absorbiendo pesos del mercado argentino, est\u00e1n pagando tasas en d\u00f3lares del 28%. Hay una fuerte transferencia del sector p\u00fablico al sector privado, el Banco Central es un problemazo para la econom\u00eda nacional, el problema es que el plan econ\u00f3mico del gobierno fracas\u00f3\u201d , insisti\u00f3.<\/p>\n<p>&nbsp;<\/p>\n","protected":false},"excerpt":{"rendered":"<p>El senador nacional formose\u00f1o Miguel Mayans se refiri\u00f3 a las reformas anticipadas por el Presidente de la Naci\u00f3n Mauricio Macri anunciando una serie de medidas de ajuste, acto del que particip\u00f3 el gobernador Gildo Insfr\u00e1n. \u201cEl gobernador tiene que asistir a una invitaci\u00f3n del Presidente de la Naci\u00f3n, como tambi\u00e9n si tiene que visitar a [&hellip;]<\/p>\n","protected":false},"author":11,"featured_media":19481,"comment_status":"open","ping_status":"open","sticky":false,"template":"","format":"standard","meta":{"footnotes":""},"categories":[6],"tags":[],"class_list":["post-19685","post","type-post","status-publish","format-standard","has-post-thumbnail","hentry","category-nacionales"],"_links":{"self":[{"href":"http:\/\/informeformosa.com.ar\/index.php?rest_route=\/wp\/v2\/posts\/19685","targetHints":{"allow":["GET"]}}],"collection":[{"href":"http:\/\/informeformosa.com.ar\/index.php?rest_route=\/wp\/v2\/posts"}],"about":[{"href":"http:\/\/informeformosa.com.ar\/index.php?rest_route=\/wp\/v2\/types\/post"}],"author":[{"embeddable":true,"href":"http:\/\/informeformosa.com.ar\/index.php?rest_route=\/wp\/v2\/users\/11"}],"replies":[{"embeddable":true,"href":"http:\/\/informeformosa.com.ar\/index.php?rest_route=%2Fwp%2Fv2%2Fcomments&post=19685"}],"version-history":[{"count":0,"href":"http:\/\/informeformosa.com.ar\/index.php?rest_route=\/wp\/v2\/posts\/19685\/revisions"}],"wp:featuredmedia":[{"embeddable":true,"href":"http:\/\/informeformosa.com.ar\/index.php?rest_route=\/wp\/v2\/media\/19481"}],"wp:attachment":[{"href":"http:\/\/informeformosa.com.ar\/index.php?rest_route=%2Fwp%2Fv2%2Fmedia&parent=19685"}],"wp:term":[{"taxonomy":"category","embeddable":true,"href":"http:\/\/informeformosa.com.ar\/index.php?rest_route=%2Fwp%2Fv2%2Fcategories&post=19685"},{"taxonomy":"post_tag","embeddable":true,"href":"http:\/\/informeformosa.com.ar\/index.php?rest_route=%2Fwp%2Fv2%2Ftags&post=19685"}],"curies":[{"name":"wp","href":"https:\/\/api.w.org\/{rel}","templated":true}]}}