{"id":19664,"date":"2017-10-31T19:42:18","date_gmt":"2017-10-31T22:42:18","guid":{"rendered":"http:\/\/informeformosa.com.ar\/?p=19664"},"modified":"2017-10-31T19:42:18","modified_gmt":"2017-10-31T22:42:18","slug":"basterra-medidas-nacionales-anunciadas-agravara-situacion-de-los-que-menos-tienen","status":"publish","type":"post","link":"http:\/\/informeformosa.com.ar\/?p=19664","title":{"rendered":"Basterra: \u201cMedidas nacionales anunciadas agravara situaci\u00f3n de los que menos tienen\u201d"},"content":{"rendered":"<p>Para el diputado nacional del PJ, Luis Basterra, el paquete de medidas anunciadas por el Presidente de la Naci\u00f3n, Mauricio Macri, \u201cagrava la situaci\u00f3n de los que ya est\u00e1n mal, los que menos tienen\u201d,<\/p>\n<p>Expuso que \u201cvuelven a utilizar mecanismos para comunicar a trav\u00e9s de su inter\u00e9s genuino que es el de mostrar \u201cun pa\u00eds que no da para m\u00e1s\u201d, cuando en realidad intentan instalar un modelo solo visto en los gobiernos militares, esto es un gobierno de alt\u00edsima concentraci\u00f3n y lo justifican con falacias\u201d.<\/p>\n<p>En cuanto a los ajustes que el gobierno nacional considera \u201cnecesarios\u201d Basterra afirm\u00f3 que: \u201cno pueden dejar de reconocer que lo que han hecho es ajustar violentamente a los sectores m\u00e1s vulnerables de nuestra sociedad, los jubilados, los peque\u00f1os y medianos empresarios y a esto le suman un discurso en el que afirman que hay que ajustar porque no queda otro camino para el pa\u00eds. En realidad hay otro camino pero a ellos no les interesa explorarlos, a ellos les interesa este modelo de ajuste porque es un modelo de transferencia de rentas de los sectores m\u00e1s vulnerado a los sectores m\u00e1s concentrados\u201d<\/p>\n<p>En cuanto a la realidad de la provincia y el efecto que tendr\u00e1n estas medidas\u00a0 para la sociedad formose\u00f1a expuso que \u201cnosotros nos quedamos sin obras, por suerte la provincia es auto sustentable, tenemos una provincia desendeudada y es gracias a la gesti\u00f3n del gobernador (Gildo) Insfran\u201d.<\/p>\n<p>De todos modos advierte que \u201cde prosperar el planteo judicial por el Fondo del Conurbano, terminara afectando gravemente a la totalidad de las provincias y municipios, incluida la nuestra. Tendr\u00e1 un fuert\u00edsimo impacto financiero ya que dejar\u00edamos de percibir unos 3200 millones de pesos\u201d.<\/p>\n<p>Acerca de las reformas previsionales que se propician, expuso por una parte que \u201cdesmejora las condiciones de los jubilados\u201d, y respecto a las llamadas de privilegio, afirmo que \u201cestas quedaron sin efecto hace quince a\u00f1os, y creo que los \u00fanicos que siguen accediendo a las mismas son los embajadores y magistrados\u201d.<\/p>\n<p>&nbsp;<\/p>\n","protected":false},"excerpt":{"rendered":"<p>Para el diputado nacional del PJ, Luis Basterra, el paquete de medidas anunciadas por el Presidente de la Naci\u00f3n, Mauricio Macri, \u201cagrava la situaci\u00f3n de los que ya est\u00e1n mal, los que menos tienen\u201d, Expuso que \u201cvuelven a utilizar mecanismos para comunicar a trav\u00e9s de su inter\u00e9s genuino que es el de mostrar \u201cun pa\u00eds [&hellip;]<\/p>\n","protected":false},"author":11,"featured_media":3624,"comment_status":"open","ping_status":"open","sticky":false,"template":"","format":"standard","meta":{"footnotes":""},"categories":[6],"tags":[],"class_list":["post-19664","post","type-post","status-publish","format-standard","has-post-thumbnail","hentry","category-nacionales"],"_links":{"self":[{"href":"http:\/\/informeformosa.com.ar\/index.php?rest_route=\/wp\/v2\/posts\/19664","targetHints":{"allow":["GET"]}}],"collection":[{"href":"http:\/\/informeformosa.com.ar\/index.php?rest_route=\/wp\/v2\/posts"}],"about":[{"href":"http:\/\/informeformosa.com.ar\/index.php?rest_route=\/wp\/v2\/types\/post"}],"author":[{"embeddable":true,"href":"http:\/\/informeformosa.com.ar\/index.php?rest_route=\/wp\/v2\/users\/11"}],"replies":[{"embeddable":true,"href":"http:\/\/informeformosa.com.ar\/index.php?rest_route=%2Fwp%2Fv2%2Fcomments&post=19664"}],"version-history":[{"count":0,"href":"http:\/\/informeformosa.com.ar\/index.php?rest_route=\/wp\/v2\/posts\/19664\/revisions"}],"wp:featuredmedia":[{"embeddable":true,"href":"http:\/\/informeformosa.com.ar\/index.php?rest_route=\/wp\/v2\/media\/3624"}],"wp:attachment":[{"href":"http:\/\/informeformosa.com.ar\/index.php?rest_route=%2Fwp%2Fv2%2Fmedia&parent=19664"}],"wp:term":[{"taxonomy":"category","embeddable":true,"href":"http:\/\/informeformosa.com.ar\/index.php?rest_route=%2Fwp%2Fv2%2Fcategories&post=19664"},{"taxonomy":"post_tag","embeddable":true,"href":"http:\/\/informeformosa.com.ar\/index.php?rest_route=%2Fwp%2Fv2%2Ftags&post=19664"}],"curies":[{"name":"wp","href":"https:\/\/api.w.org\/{rel}","templated":true}]}}