{"id":19659,"date":"2017-10-30T19:47:44","date_gmt":"2017-10-30T22:47:44","guid":{"rendered":"http:\/\/informeformosa.com.ar\/?p=19659"},"modified":"2017-10-30T19:47:44","modified_gmt":"2017-10-30T22:47:44","slug":"insfran-escucho-al-presidente-macri-quien-enuncio-un-plan-de-reformas","status":"publish","type":"post","link":"http:\/\/informeformosa.com.ar\/?p=19659","title":{"rendered":"Insfran escucho al presidente Macri  quien enuncio un plan de reformas"},"content":{"rendered":"<p>El gobernador Gildo Insfran asisti\u00f3 este lunes en el Centro Cultural Kirchner al acto durante el cual escucho la enunciaci\u00f3n de un plan de reformas por parte del presidente de la Naci\u00f3n, Mauricio Macri.<\/p>\n<p>Aunque sin profundizar sobre las caracter\u00edsticas de sus propuestas, el jefe de estado plante\u00f3 tres ejes sobre los cuales el Gobierno se propuso trabajar: equilibrio fiscal, creaci\u00f3n de empleo y calidad institucional.<\/p>\n<p>Insfran estuvo en primera fila junto a sus pares de Entre R\u00edos, Gustavo Bordet y de Jujuy, Gerardo Morales.<\/p>\n<p>Tras el discurso del Presidente, el jefe de Gabinete Marcos Pe\u00f1a anunci\u00f3 que durante los pr\u00f3ximos d\u00edas distintos funcionarios informar\u00e1n los detalles de las reformas laboral, fiscal, del Estado y del sistema previsional que impulsar\u00e1 el Gobierno.<\/p>\n<p>sobre las que no dio demasiadas precisiones. Confirm\u00f3 que presentar\u00e1n una reforma al modo en el que se actualizan los haberes jubilatorios. Dijo que impulsar\u00e1n \u201cun debate sereno y en el marco de una comisi\u00f3n de expertos una mirada integral sobre el sistema previsional para hacerlo justo y sustentable\u201d. Afirm\u00f3 que como ese debate durar\u00e1 dos o tres a\u00f1os mientras tanto impulsar\u00e1n que el ajuste previsional se actualice por inflaci\u00f3n de manera trimestral y no por la f\u00f3rmula actual cada seis meses. Es decir que las jubilaciones sufrir\u00e1n, de hecho, una reducci\u00f3n puesto que ese c\u00e1lculo implica un \u00edndice menor a la actualizaci\u00f3n vigente.<\/p>\n<p>Ratific\u00f3 que habr\u00e1 subas en la luz y gas en los pr\u00f3ximos meses: \u201cHay todav\u00eda un sendero de aumentos\u201d, se\u00f1al\u00f3. A pesar de ello y del techo que el Gobierno busca imponer a las paritarias, asegur\u00f3 que \u201cel a\u00f1o pr\u00f3ximo el salario real se va a recomponer, va a crecer respecto a este a\u00f1o\u201d.<\/p>\n<p>Por su parte, este martes los ministros de Modernizaci\u00f3n, Andr\u00e9s Ibarra, y de Producci\u00f3n, Francisco Cabrera, presentar\u00e1n un \u00abplan de desburocratizaci\u00f3n\u00bb. Pe\u00f1a abri\u00f3 la puerta a que implique achicar la planta de trabajadores estatales al afirmar que se deben buscar \u201cdotaciones \u00f3ptimas para que el empleo p\u00fablico pueda ser sin\u00f3nimo de esa carrera y de esa estabilidad en funci\u00f3n del servicio p\u00fablico\u201d.<\/p>\n<p>El mi\u00e9rcoles, en tanto, el ministro de Hacienda, Nicol\u00e1s Dujovne, dar\u00e1 a conocer los lineamientos de una reforma tributaria. Seg\u00fan Pe\u00f1a, tambi\u00e9n \u00abla semana que viene\u00bb el presidente Macri se reunir\u00e1 con los gobernadores para abordar \u201clo fiscal, lo presupuestario y la cuesti\u00f3n federal\u201d.<\/p>\n<p>&nbsp;<\/p>\n<p>Sobre la reforma laboral, el jefe de Gabinete se\u00f1al\u00f3 que el titular de la cartera de Trabajo, Jorge Triaca, \u00abest\u00e1 en contacto con el movimiento sindical y los sectores productivos para lograr consenso\u00bb.<\/p>\n","protected":false},"excerpt":{"rendered":"<p>El gobernador Gildo Insfran asisti\u00f3 este lunes en el Centro Cultural Kirchner al acto durante el cual escucho la enunciaci\u00f3n de un plan de reformas por parte del presidente de la Naci\u00f3n, Mauricio Macri. Aunque sin profundizar sobre las caracter\u00edsticas de sus propuestas, el jefe de estado plante\u00f3 tres ejes sobre los cuales el Gobierno [&hellip;]<\/p>\n","protected":false},"author":11,"featured_media":19661,"comment_status":"open","ping_status":"open","sticky":false,"template":"","format":"standard","meta":{"footnotes":""},"categories":[6],"tags":[],"class_list":["post-19659","post","type-post","status-publish","format-standard","has-post-thumbnail","hentry","category-nacionales"],"_links":{"self":[{"href":"http:\/\/informeformosa.com.ar\/index.php?rest_route=\/wp\/v2\/posts\/19659","targetHints":{"allow":["GET"]}}],"collection":[{"href":"http:\/\/informeformosa.com.ar\/index.php?rest_route=\/wp\/v2\/posts"}],"about":[{"href":"http:\/\/informeformosa.com.ar\/index.php?rest_route=\/wp\/v2\/types\/post"}],"author":[{"embeddable":true,"href":"http:\/\/informeformosa.com.ar\/index.php?rest_route=\/wp\/v2\/users\/11"}],"replies":[{"embeddable":true,"href":"http:\/\/informeformosa.com.ar\/index.php?rest_route=%2Fwp%2Fv2%2Fcomments&post=19659"}],"version-history":[{"count":0,"href":"http:\/\/informeformosa.com.ar\/index.php?rest_route=\/wp\/v2\/posts\/19659\/revisions"}],"wp:featuredmedia":[{"embeddable":true,"href":"http:\/\/informeformosa.com.ar\/index.php?rest_route=\/wp\/v2\/media\/19661"}],"wp:attachment":[{"href":"http:\/\/informeformosa.com.ar\/index.php?rest_route=%2Fwp%2Fv2%2Fmedia&parent=19659"}],"wp:term":[{"taxonomy":"category","embeddable":true,"href":"http:\/\/informeformosa.com.ar\/index.php?rest_route=%2Fwp%2Fv2%2Fcategories&post=19659"},{"taxonomy":"post_tag","embeddable":true,"href":"http:\/\/informeformosa.com.ar\/index.php?rest_route=%2Fwp%2Fv2%2Ftags&post=19659"}],"curies":[{"name":"wp","href":"https:\/\/api.w.org\/{rel}","templated":true}]}}