{"id":19650,"date":"2017-10-30T19:39:38","date_gmt":"2017-10-30T22:39:38","guid":{"rendered":"http:\/\/informeformosa.com.ar\/?p=19650"},"modified":"2017-10-30T19:39:38","modified_gmt":"2017-10-30T22:39:38","slug":"advierten-que-el-impuesto-a-la-renta-financiera-lo-pagaran-consumidores","status":"publish","type":"post","link":"http:\/\/informeformosa.com.ar\/?p=19650","title":{"rendered":"Advierten que el impuesto a la renta financiera lo pagaran consumidores"},"content":{"rendered":"<p>Desde la Defensoria del Pueblo, \u00a0se se\u00f1al\u00f3 que \u201cgravar la renta financiera tal como lo impulsa el Gobierno Nacional, implica nuevamente otro \u201cgolpe al bolsillo de los consumidores y usuarios que terminaremos pagando otro nuevo impuesto m\u00e1s\u201d.<\/p>\n<p>Desde el Organismo de la Constituci\u00f3n se inform\u00f3 que se busca ponerle un impuesto a las Ganancias. Planteada de esta forma se aseguran el acompa\u00f1amiento de todos los sectores pol\u00edticos, pues la palabra financiera \u00a0siempre se la vincula con los banqueros o entidades financieras\u00a0 que viven del dinero de la gente, pero a poco que analicemos las cosas, surge otra visi\u00f3n muy diferente y ya no es un impuesto a las ganancias sino un impuesto al ahorro.<\/p>\n<p>Este nuevo impuesto gravara los plazos fijos y la tenencia de bonos en manos de particulares y de la misma forma en que la gente odia la renta financiera, posee una gran valoraci\u00f3n por el ahorro.<\/p>\n<p>\u201cTodos sabemos muy bien que nuestro futuro y el de nuestros hijos est\u00e1 en el trabajo, en la producci\u00f3n y en el ahorro. Debemos lograr con duros esfuerzos poder conseguir una vivienda y acceder a bienes indispensables. La gente cree que el impuesto a la renta financiera no recae sobre los consumidores sino sobre las ganancias de los grandes grupos financieros, pero los bancos y entidades financieras tienen que pagar ganancias como cualquiera as\u00ed que su renta ya est\u00e1 gravada; por lo que gravar la renta financiera no es algo que tengamos que festejar\u201d, opino el Ombudsman Provincial, Jos\u00e9 Leonardo Gialluca.<\/p>\n<p>Se\u00f1alo que \u201cel castigo al ahorro es un sanci\u00f3n a la inversi\u00f3n, por lo que todas aquellas personas que no pueden ahorrar se ver\u00e1n tambi\u00e9n perjudicados, porque la \u00fanica forma de que nuestros salarios crezcan en t\u00e9rminos reales es a trav\u00e9s de una mayor inversi\u00f3n de capital que obviamente necesita del ahorro interno o externo\u201d. Amplio afirmando que \u201csi el Gobierno le pone un impuesto a los plazos fijos cuando antes se ped\u00eda un cr\u00e9dito y se fijaba una tasa del 26% anual ahora nos van a prestar al 30% o m\u00e1s; lo mismo sucede con el costo de producci\u00f3n; siempre se lo terminan trasladando al usuario\u201d.<\/p>\n<p>Expuso que \u201cnunca un impuesto lo paga directamente aquel al que se lo est\u00e1n poniendo ya que siempre se lo trasladan a otro y en nuestro pa\u00eds en este caso el que termina perdiendo es el m\u00e1s pobre, los sectores m\u00e1s vulnerables, todos aquellos que no lo pueden desgravar ni trasladar, las sociedades an\u00f3nimas, los grandes empresarios desgravan todo, entre tanto los usuarios, consumidores, personas f\u00edsicas no podemos hacerlo; y por ello es preocupante que se grave el ahorro por convicci\u00f3n y lo peor es que se nos quiera hacer creer que ello es as\u00ed, cuando en realidad la matriz de todas las medidas se encuentra definida por gravar con mayores cargas tributarias a las personas f\u00edsicas, a los sectores del trabajo y no a las empresas\u201d.<\/p>\n<p>A modo de ejemplo expuso que \u201cel 21% del IVA que siempre lo termina pagando el consumidor final y no las empresas y todo ello se da porque los grandes grupos econ\u00f3micos y hasta las empresas desgravan cada pago que hacen, porque toman todos los gastos, hasta el combustible, entre tanto un consumidor no puede desgravar la nafta o el gasoil que consume para ir a su trabajo y as\u00ed sucesivamente en otras situaciones\u201d.<\/p>\n<p>&nbsp;<\/p>\n<p>&nbsp;<\/p>\n<p>&nbsp;<\/p>\n","protected":false},"excerpt":{"rendered":"<p>Desde la Defensoria del Pueblo, \u00a0se se\u00f1al\u00f3 que \u201cgravar la renta financiera tal como lo impulsa el Gobierno Nacional, implica nuevamente otro \u201cgolpe al bolsillo de los consumidores y usuarios que terminaremos pagando otro nuevo impuesto m\u00e1s\u201d. Desde el Organismo de la Constituci\u00f3n se inform\u00f3 que se busca ponerle un impuesto a las Ganancias. Planteada [&hellip;]<\/p>\n","protected":false},"author":11,"featured_media":17314,"comment_status":"open","ping_status":"open","sticky":false,"template":"","format":"standard","meta":{"footnotes":""},"categories":[21],"tags":[],"class_list":["post-19650","post","type-post","status-publish","format-standard","has-post-thumbnail","hentry","category-provinciales"],"_links":{"self":[{"href":"http:\/\/informeformosa.com.ar\/index.php?rest_route=\/wp\/v2\/posts\/19650","targetHints":{"allow":["GET"]}}],"collection":[{"href":"http:\/\/informeformosa.com.ar\/index.php?rest_route=\/wp\/v2\/posts"}],"about":[{"href":"http:\/\/informeformosa.com.ar\/index.php?rest_route=\/wp\/v2\/types\/post"}],"author":[{"embeddable":true,"href":"http:\/\/informeformosa.com.ar\/index.php?rest_route=\/wp\/v2\/users\/11"}],"replies":[{"embeddable":true,"href":"http:\/\/informeformosa.com.ar\/index.php?rest_route=%2Fwp%2Fv2%2Fcomments&post=19650"}],"version-history":[{"count":0,"href":"http:\/\/informeformosa.com.ar\/index.php?rest_route=\/wp\/v2\/posts\/19650\/revisions"}],"wp:featuredmedia":[{"embeddable":true,"href":"http:\/\/informeformosa.com.ar\/index.php?rest_route=\/wp\/v2\/media\/17314"}],"wp:attachment":[{"href":"http:\/\/informeformosa.com.ar\/index.php?rest_route=%2Fwp%2Fv2%2Fmedia&parent=19650"}],"wp:term":[{"taxonomy":"category","embeddable":true,"href":"http:\/\/informeformosa.com.ar\/index.php?rest_route=%2Fwp%2Fv2%2Fcategories&post=19650"},{"taxonomy":"post_tag","embeddable":true,"href":"http:\/\/informeformosa.com.ar\/index.php?rest_route=%2Fwp%2Fv2%2Ftags&post=19650"}],"curies":[{"name":"wp","href":"https:\/\/api.w.org\/{rel}","templated":true}]}}