{"id":19647,"date":"2017-10-30T19:37:08","date_gmt":"2017-10-30T22:37:08","guid":{"rendered":"http:\/\/informeformosa.com.ar\/?p=19647"},"modified":"2017-10-30T19:37:08","modified_gmt":"2017-10-30T22:37:08","slug":"nuevo-coordinador-del-centro-de-promocion-de-la-salud-dr-ramon-carrillo-de-la-unaf","status":"publish","type":"post","link":"http:\/\/informeformosa.com.ar\/?p=19647","title":{"rendered":"Nuevo coordinador del Centro de Promoci\u00f3n de la Salud \u201cDr. Ram\u00f3n Carrillo\u201d de la UNaF"},"content":{"rendered":"<p>El Centro de Promoci\u00f3n de la Salud de la UNaF, \u00abDr. Ram\u00f3n Carrillo\u00bb, tiene un nuevo titular desde el lunes 30 de octubre del corriente a\u00f1o.<\/p>\n<p>Se trata del licenciado Marcelo Arias, quien tendr\u00e1 la responsabilidad de llevar adelante los servicios de atenci\u00f3n primaria de la salud para estudiantes que no posean cobertura m\u00e9dica u obra social. El acto de asunci\u00f3n se llev\u00f3 a cabo en el mencionado Centro, ubicado en el Campus Universitario, y estuvieron presentes el Secretario General de Asuntos Estudiantiles y Extensi\u00f3n Universitaria, Rafael Olmedo, el Director de Asuntos Estudiantiles, Victor Oviedo y el Secretario de Asuntos Estudiantiles y Extensi\u00f3n Universitaria de la Facultad de Ciencias de la Salud (FCS), Diego Ramazzotti, junto al personal que presta servicios en dicha dependencia.<\/p>\n<p>Olmedo al presentar al nuevo coordinador ante el equipo de trabajo, pidi\u00f3 el acompa\u00f1amiento de todo el personal para seguir dando respuestas a los universitarios y cosechar \u00e9xitos en esta nueva etapa que se inicia.<\/p>\n<p>Ademas indico que \u00abesta decisi\u00f3n del rector Augusto Parmetler es muy acertada ya que estamos hablando de una persona id\u00f3nea, con mucha convicci\u00f3n y compromiso, que estoy seguro desempe\u00f1ar\u00e1 un trabajo articulado con la Secretar\u00eda de Extensi\u00f3n y con cada una de las unidades acad\u00e9micas de nuestra universidad\u00bb.<\/p>\n<p>Ramazzotti expres\u00f3 que \u00abse trata de una persona con trayectoria universitaria, que ha ocupado lugares de representaci\u00f3n dentro del claustro estudiantil y ahora como graduado estoy seguro que cumplir\u00e1 una excelente gesti\u00f3n, para esta responsabilidad que tiene a su cargo\u00bb.<\/p>\n<p>A su turno, Arias coment\u00f3 que \u00abse inicia una nueva etapa, y la idea es trabajar en conjunto con los equipos interdisciplinarios de este centro, y a los estudiantes universitarios decirles que los esperamos con los brazos abiertos\u00bb. Por \u00faltimo, Arias se comprometi\u00f3 a trabajar en favor de una gesti\u00f3n acorde a las necesidades y a la realidad de la comunidad de nuestra casa de estudios.<\/p>\n","protected":false},"excerpt":{"rendered":"<p>El Centro de Promoci\u00f3n de la Salud de la UNaF, \u00abDr. Ram\u00f3n Carrillo\u00bb, tiene un nuevo titular desde el lunes 30 de octubre del corriente a\u00f1o. Se trata del licenciado Marcelo Arias, quien tendr\u00e1 la responsabilidad de llevar adelante los servicios de atenci\u00f3n primaria de la salud para estudiantes que no posean cobertura m\u00e9dica u [&hellip;]<\/p>\n","protected":false},"author":11,"featured_media":19649,"comment_status":"open","ping_status":"open","sticky":false,"template":"","format":"standard","meta":{"footnotes":""},"categories":[12],"tags":[],"class_list":["post-19647","post","type-post","status-publish","format-standard","has-post-thumbnail","hentry","category-salud"],"_links":{"self":[{"href":"http:\/\/informeformosa.com.ar\/index.php?rest_route=\/wp\/v2\/posts\/19647","targetHints":{"allow":["GET"]}}],"collection":[{"href":"http:\/\/informeformosa.com.ar\/index.php?rest_route=\/wp\/v2\/posts"}],"about":[{"href":"http:\/\/informeformosa.com.ar\/index.php?rest_route=\/wp\/v2\/types\/post"}],"author":[{"embeddable":true,"href":"http:\/\/informeformosa.com.ar\/index.php?rest_route=\/wp\/v2\/users\/11"}],"replies":[{"embeddable":true,"href":"http:\/\/informeformosa.com.ar\/index.php?rest_route=%2Fwp%2Fv2%2Fcomments&post=19647"}],"version-history":[{"count":0,"href":"http:\/\/informeformosa.com.ar\/index.php?rest_route=\/wp\/v2\/posts\/19647\/revisions"}],"wp:featuredmedia":[{"embeddable":true,"href":"http:\/\/informeformosa.com.ar\/index.php?rest_route=\/wp\/v2\/media\/19649"}],"wp:attachment":[{"href":"http:\/\/informeformosa.com.ar\/index.php?rest_route=%2Fwp%2Fv2%2Fmedia&parent=19647"}],"wp:term":[{"taxonomy":"category","embeddable":true,"href":"http:\/\/informeformosa.com.ar\/index.php?rest_route=%2Fwp%2Fv2%2Fcategories&post=19647"},{"taxonomy":"post_tag","embeddable":true,"href":"http:\/\/informeformosa.com.ar\/index.php?rest_route=%2Fwp%2Fv2%2Ftags&post=19647"}],"curies":[{"name":"wp","href":"https:\/\/api.w.org\/{rel}","templated":true}]}}