{"id":19641,"date":"2017-10-30T19:31:31","date_gmt":"2017-10-30T22:31:31","guid":{"rendered":"http:\/\/informeformosa.com.ar\/?p=19641"},"modified":"2017-10-30T19:31:31","modified_gmt":"2017-10-30T22:31:31","slug":"estudiantes-participaron-de-observacion-astronomica-lunar","status":"publish","type":"post","link":"http:\/\/informeformosa.com.ar\/?p=19641","title":{"rendered":"Estudiantes participaron de observaci\u00f3n astron\u00f3mica lunar"},"content":{"rendered":"<p>Estudiantes de la Facultad de Humanidades (FH) de la Universidad Nacional de Formosa (UNaF), en conjunto con el Observatorio Astron\u00f3mico Nova Persei II, que reside en nuestra ciudad, formaron parte de la Noche Internacional de Observaci\u00f3n Lunar organizada por la NASA.<\/p>\n<p>El doctor Ra\u00fal Podest\u00e1, docente dicha unidad acad\u00e9mica y director del observatorio astron\u00f3mico, quien coment\u00f3 que \u201ceste evento nace en 2009 cuando se hace impactar sobre la superficie lunar, los restos de una nave espacial. El objetivo era romper parte de la superficie lunar con el impacto y as\u00ed, lanzar hacia arriba diferentes materiales para su estudio con el fin de encontrar agua\u201d.<\/p>\n<p>\u201cEn ese momento, pidieron la colaboraci\u00f3n de todos los observatorios astron\u00f3micos a nivel mundial para que observen la luna y lleven a cabo todos los trabajos que puedan. Desde entonces, se realiza este evento que se denomina Noche Internacional de Observaci\u00f3n Lunar\u201d.<\/p>\n<p>El acad\u00e9mico continu\u00f3 diciendo que \u201cla NASA tiene a Formosa como uno de los puntos donde se est\u00e1 trabajando, y en el momento que generamos informaci\u00f3n se la estamos enviando\u201d.<\/p>\n<p>\u201cHay muchos estudiantes, no s\u00f3lo de la carrera de F\u00edsica, sino tambi\u00e9n de Qu\u00edmica, Geograf\u00eda, Matem\u00e1tica, entre otras carreras. Esto se debe a que la Astronom\u00eda es una ciencia que est\u00e1 abierta no s\u00f3lo a los profesionales del \u00e1rea, sino tambi\u00e9n a todos aquellos que est\u00e1n interesados en ella\u201d.<\/p>\n<p>&nbsp;<\/p>\n","protected":false},"excerpt":{"rendered":"<p>Estudiantes de la Facultad de Humanidades (FH) de la Universidad Nacional de Formosa (UNaF), en conjunto con el Observatorio Astron\u00f3mico Nova Persei II, que reside en nuestra ciudad, formaron parte de la Noche Internacional de Observaci\u00f3n Lunar organizada por la NASA. El doctor Ra\u00fal Podest\u00e1, docente dicha unidad acad\u00e9mica y director del observatorio astron\u00f3mico, quien [&hellip;]<\/p>\n","protected":false},"author":11,"featured_media":19643,"comment_status":"open","ping_status":"open","sticky":false,"template":"","format":"standard","meta":{"footnotes":""},"categories":[4],"tags":[],"class_list":["post-19641","post","type-post","status-publish","format-standard","has-post-thumbnail","hentry","category-educacion"],"_links":{"self":[{"href":"http:\/\/informeformosa.com.ar\/index.php?rest_route=\/wp\/v2\/posts\/19641","targetHints":{"allow":["GET"]}}],"collection":[{"href":"http:\/\/informeformosa.com.ar\/index.php?rest_route=\/wp\/v2\/posts"}],"about":[{"href":"http:\/\/informeformosa.com.ar\/index.php?rest_route=\/wp\/v2\/types\/post"}],"author":[{"embeddable":true,"href":"http:\/\/informeformosa.com.ar\/index.php?rest_route=\/wp\/v2\/users\/11"}],"replies":[{"embeddable":true,"href":"http:\/\/informeformosa.com.ar\/index.php?rest_route=%2Fwp%2Fv2%2Fcomments&post=19641"}],"version-history":[{"count":0,"href":"http:\/\/informeformosa.com.ar\/index.php?rest_route=\/wp\/v2\/posts\/19641\/revisions"}],"wp:featuredmedia":[{"embeddable":true,"href":"http:\/\/informeformosa.com.ar\/index.php?rest_route=\/wp\/v2\/media\/19643"}],"wp:attachment":[{"href":"http:\/\/informeformosa.com.ar\/index.php?rest_route=%2Fwp%2Fv2%2Fmedia&parent=19641"}],"wp:term":[{"taxonomy":"category","embeddable":true,"href":"http:\/\/informeformosa.com.ar\/index.php?rest_route=%2Fwp%2Fv2%2Fcategories&post=19641"},{"taxonomy":"post_tag","embeddable":true,"href":"http:\/\/informeformosa.com.ar\/index.php?rest_route=%2Fwp%2Fv2%2Ftags&post=19641"}],"curies":[{"name":"wp","href":"https:\/\/api.w.org\/{rel}","templated":true}]}}