{"id":19633,"date":"2017-10-30T19:20:20","date_gmt":"2017-10-30T22:20:20","guid":{"rendered":"http:\/\/informeformosa.com.ar\/?p=19633"},"modified":"2017-10-30T19:20:20","modified_gmt":"2017-10-30T22:20:20","slug":"dia-de-los-fieles-difuntos-habra-asueto-administrativo-y-provincial","status":"publish","type":"post","link":"http:\/\/informeformosa.com.ar\/?p=19633","title":{"rendered":"D\u00eda  de los Fieles Difuntos: habr\u00e1 asueto administrativo y provincial"},"content":{"rendered":"<p>Seg\u00fan lo dispuesto por el Poder Ejecutivo Provincial a trav\u00e9s del decreto 336, el pr\u00f3ximo jueves 2 de noviembre ser\u00e1 asueto administrativo y escolar con motivo de conmemorarse el D\u00eda de los Fieles Difuntos.<\/p>\n<p>Dado que el gobierno provincial es \u00abfiel int\u00e9rprete del sentimiento religioso de su pueblo\u00bb, estim\u00f3 conveniente declarar asueto administrativo y escolar en todos los niveles y jurisdicciones, en el territorio provincial, a fin de posibilitar a los agentes p\u00fablicos a concurrir a cementerios y lugares donde se oficien misas.<\/p>\n<p>El mismo decreto invita a los Poderes Legislativo y Judicial, a las municipalidades y comisiones de fomento, a entidades bancarias radicadas en la provincia, a adherir a la medida.<\/p>\n<p>&nbsp;<\/p>\n<p>Este martes asueto para empleados que<\/p>\n<p>profesen cultos protestante y evang\u00e9lico<\/p>\n<p>&nbsp;<\/p>\n<p>Este martes 31 de octubre ser\u00e1 asueto administrativo para los agentes de la administraci\u00f3n p\u00fablica que profesen los cultos protestante y evang\u00e9lico, en ocasi\u00f3n de la conmemoraci\u00f3n del Pentacentenario de la Reforma Protestante.<\/p>\n<p>El decreto que lleva el n\u00famero 335 del a\u00f1o 2017 firmado por el gobernador Gildo Insfr\u00e1n, invita a los Poderes Legislativo y Judicial, a las municipalidades y comisiones de fomento a adherir a la medida.<\/p>\n<p>&nbsp;<\/p>\n<p>Iglesias Evang\u00e9licas en la Costanera<\/p>\n<p>&nbsp;<\/p>\n<p>El presidente de la Asociaci\u00f3n de Pastores Evang\u00e9licos de Formosa,\u00a0 Rub\u00e9n Martiarena confirm\u00f3 que el este martes 31\u00a0 a partir de las 19,30 habr\u00e1 una gran concentraci\u00f3n en el play\u00f3n municipal de la Costanera como forma\u00a0 de celebraci\u00f3n de los 500 a\u00f1os de la reforma protestante.<\/p>\n<p>El pastor dijo que la sanci\u00f3n de la ley que establece el 31 de octubre como el \u201cD\u00eda de las Iglesias Evang\u00e9licas\u201d fue una \u201csorpresa y alegr\u00eda\u201d y destac\u00f3 el gesto del gobernador Gildo Insfr\u00e1n de convocarlos para comentarles la novedad ya que de esta forma Formosa se equipara con otras jurisdicciones del pa\u00eds.<\/p>\n<p>\u201cEl 31 de octubre se cumplen 500 a\u00f1os del d\u00eda de la Reforma Protestante en la cual el monje Mart\u00edn Lutero se levanta contra la Iglesia de Roma. No es algo de Formosa, es una celebraci\u00f3n en el mundo entero por la reforma de Lutero\u201d aclar\u00f3.<\/p>\n<p>La concentraci\u00f3n local \u201cser\u00e1 un tiempo de celebraci\u00f3n, la mayor\u00eda de los pastores nos reuniremos all\u00ed para orar por el pa\u00eds y la provincia, todo aquel que quiera sumarse, puede hacerlo\u201d se\u00f1al\u00f3.<\/p>\n<p>Se\u00f1al\u00f3 que adem\u00e1s \u201chabr\u00e1 actos en Piran\u00e9, El Colorado, Comandante Fontana\u201d.<\/p>\n","protected":false},"excerpt":{"rendered":"<p>Seg\u00fan lo dispuesto por el Poder Ejecutivo Provincial a trav\u00e9s del decreto 336, el pr\u00f3ximo jueves 2 de noviembre ser\u00e1 asueto administrativo y escolar con motivo de conmemorarse el D\u00eda de los Fieles Difuntos. Dado que el gobierno provincial es \u00abfiel int\u00e9rprete del sentimiento religioso de su pueblo\u00bb, estim\u00f3 conveniente declarar asueto administrativo y escolar [&hellip;]<\/p>\n","protected":false},"author":11,"featured_media":19635,"comment_status":"open","ping_status":"open","sticky":false,"template":"","format":"standard","meta":{"footnotes":""},"categories":[21],"tags":[],"class_list":["post-19633","post","type-post","status-publish","format-standard","has-post-thumbnail","hentry","category-provinciales"],"_links":{"self":[{"href":"http:\/\/informeformosa.com.ar\/index.php?rest_route=\/wp\/v2\/posts\/19633","targetHints":{"allow":["GET"]}}],"collection":[{"href":"http:\/\/informeformosa.com.ar\/index.php?rest_route=\/wp\/v2\/posts"}],"about":[{"href":"http:\/\/informeformosa.com.ar\/index.php?rest_route=\/wp\/v2\/types\/post"}],"author":[{"embeddable":true,"href":"http:\/\/informeformosa.com.ar\/index.php?rest_route=\/wp\/v2\/users\/11"}],"replies":[{"embeddable":true,"href":"http:\/\/informeformosa.com.ar\/index.php?rest_route=%2Fwp%2Fv2%2Fcomments&post=19633"}],"version-history":[{"count":0,"href":"http:\/\/informeformosa.com.ar\/index.php?rest_route=\/wp\/v2\/posts\/19633\/revisions"}],"wp:featuredmedia":[{"embeddable":true,"href":"http:\/\/informeformosa.com.ar\/index.php?rest_route=\/wp\/v2\/media\/19635"}],"wp:attachment":[{"href":"http:\/\/informeformosa.com.ar\/index.php?rest_route=%2Fwp%2Fv2%2Fmedia&parent=19633"}],"wp:term":[{"taxonomy":"category","embeddable":true,"href":"http:\/\/informeformosa.com.ar\/index.php?rest_route=%2Fwp%2Fv2%2Fcategories&post=19633"},{"taxonomy":"post_tag","embeddable":true,"href":"http:\/\/informeformosa.com.ar\/index.php?rest_route=%2Fwp%2Fv2%2Ftags&post=19633"}],"curies":[{"name":"wp","href":"https:\/\/api.w.org\/{rel}","templated":true}]}}