{"id":19616,"date":"2017-10-29T18:59:32","date_gmt":"2017-10-29T21:59:32","guid":{"rendered":"http:\/\/informeformosa.com.ar\/?p=19616"},"modified":"2017-10-29T18:59:32","modified_gmt":"2017-10-29T21:59:32","slug":"la-prevalencia-del-cancer-de-mama-es-menor-en-las-mujeres-indigenas","status":"publish","type":"post","link":"http:\/\/informeformosa.com.ar\/?p=19616","title":{"rendered":"La prevalencia del c\u00e1ncer de mama es menor en las mujeres ind\u00edgenas"},"content":{"rendered":"<p>Cierra el mes de octubre y tambi\u00e9n el lapso en el cual hubo una fuerte promoci\u00f3n a la toma de conciencia acerca de la prevenci\u00f3n en el c\u00e1ncer de mama, y en ese sentido surgen datos m\u00e1s que relevantes: Y por ejemplo la menor prevalencia en mujeres ind\u00edgenas de esta enfermedad, y la fuerte incidencia que tendr\u00eda en ello la lactancia materna.<\/p>\n<p>Quien as\u00ed lo certifica es la doctora Cristina Mirassou, subsecretaria de Gesti\u00f3n de Establecimientos Asistenciales del 1\u00b0 y 2\u00b0 Nivel del ministerio de Desarrollo Humano, que aludi\u00f3 a la fuerte campa\u00f1a de todos los efectores de salud de capital e interior, resultando llamativo que en algunos lugares del extremo oeste, como Mar\u00eda Cristina y Lote Ocho desarrollaron un programa de actividades con una \u201calt\u00edsima adhesi\u00f3n\u201d de las lugare\u00f1as, mayormente abor\u00edgenes.<\/p>\n<p>Indico que en esa zona se desarrollaron sus materiales ajustadas a las pautas de los abor\u00edgenes que habitan all\u00ed, as\u00ed que lo intercultural y biling\u00fce fue central, aunque facilitado por equipos de salud integrada por recursos humanos ind\u00edgenas y no ind\u00edgenas.<\/p>\n<p>\u201cTrabajan all\u00ed tres enfermeros universitarios wichi en estas comunidades, dos de ellas mujeres y un var\u00f3n, con lo cual campa\u00f1as de promoci\u00f3n como estas tienen gran aceptaci\u00f3n. Aunque en general las acciones de promoci\u00f3n, como las vacunaciones que se lanzan tienen una adhesi\u00f3n muy importante de las comunidades\u201d, expuso.<\/p>\n<p>Destaco que \u201cmucho de avanzo a partir de la confianza, donde mucho tiene que ver que en estos equipos de salud hay mujeres ind\u00edgenas capacitadas a partir de aumentar el acceso a mayores niveles educativos que la llevaron a profesionalizarse\u201d.<\/p>\n<p>Aludi\u00f3 Mirassou a que \u201cotro factor importante que contribuye a que tengamos mayor aceptaci\u00f3n es la decisi\u00f3n desde hace muchos a\u00f1os de haber incorporado a la red de salud a profesionales de la obstetricia en los centros de salud del interior, donde contribuyen enormemente a la prevenci\u00f3n y concientizaci\u00f3n\u201d.<\/p>\n<p>Revelo la subsecretaria que \u201cen la mujer ind\u00edgena la prevalencia del c\u00e1ncer de mama es mucho m\u00e1s baja que la de mujeres que forman parte de las poblaciones tradicionales. Dentro del grupo de mujeres abor\u00edgenes es mayor la prevalencia de c\u00e1ncer de cuello uterino\u201d<\/p>\n<p>Explico que \u201cson m\u00e1s bajos los casos de c\u00e1ncer de mama en las mujeres abor\u00edgenes por el factor que es la lactancia materna. Estas dan de mamar en forma exclusiva y prolongada a sus bebes, algo muy bueno que se ha conservado y reviste enorme valor\u201d.<\/p>\n<p>Aludi\u00f3 a las campa\u00f1as complementarias donde se informa fuertemente de este factor protector, adem\u00e1s de la vinculada a lo fundamental de la lactancia materna. \u201cEs que estamos hablando de una doble protecci\u00f3n, de la criatura a la cual no solo alimenta sino da defensas contra una serie de enfermedades; y el resguardo a futuro contra este c\u00e1ncer para la madre\u201d, significo.<\/p>\n<p>Expuso que \u201clas mujeres cuando nos hacemos la mamograf\u00eda desde los 40 a\u00f1os nos preguntan si hemos dado de mamar, y eso est\u00e1 dado por ese factor protector antes se\u00f1alado. As\u00ed como es un alerta que la l\u00ednea directa de sangre como la madre que haya padecido esta enfermedad, incluso se recomienda los controles a una edad m\u00e1s temprana\u201d.<\/p>\n<p>&nbsp;<\/p>\n<p>La educaci\u00f3n<\/p>\n<p>&nbsp;<\/p>\n<p>Destaca que \u201cpara lograr que las j\u00f3venes ind\u00edgenas accedan a los servicios de salud y educaci\u00f3n, mucho tuvieron que ver las pol\u00edticas p\u00fablicas que se ocuparon de la infraestructura, caminos, escuelas. Es que donde existe un grupo de j\u00f3venes, ya tenemos un colegio secundario\u201d, subrayando que \u201ccon la educaci\u00f3n intercultural biling\u00fce se produjo un salto en la calidad educativa\u201d.<\/p>\n<p>Sin embargo aclara que \u201clas comunidades est\u00e1n sufriendo la crisis de crecimiento, y es algo que se da muy r\u00e1pido. Las personas mayores ven ahora que sus hijos manejan computadoras, tienen otros tiempos y aspiraciones, otros ritmos, porque los antiguos pose\u00edamos otra din\u00e1mica, sin luz y comunicaci\u00f3n. Son muchas cuestiones que tienen una complejidad sociol\u00f3gica que lleva tiempo identificar, no es el tiempo de c\u00f3mo circulan las noticias de impacto, con an\u00e1lisis simplistas o muy universales\u201d.<\/p>\n<p>&nbsp;<\/p>\n","protected":false},"excerpt":{"rendered":"<p>Cierra el mes de octubre y tambi\u00e9n el lapso en el cual hubo una fuerte promoci\u00f3n a la toma de conciencia acerca de la prevenci\u00f3n en el c\u00e1ncer de mama, y en ese sentido surgen datos m\u00e1s que relevantes: Y por ejemplo la menor prevalencia en mujeres ind\u00edgenas de esta enfermedad, y la fuerte incidencia [&hellip;]<\/p>\n","protected":false},"author":11,"featured_media":19617,"comment_status":"open","ping_status":"open","sticky":false,"template":"","format":"standard","meta":{"footnotes":""},"categories":[12],"tags":[],"class_list":["post-19616","post","type-post","status-publish","format-standard","has-post-thumbnail","hentry","category-salud"],"_links":{"self":[{"href":"http:\/\/informeformosa.com.ar\/index.php?rest_route=\/wp\/v2\/posts\/19616","targetHints":{"allow":["GET"]}}],"collection":[{"href":"http:\/\/informeformosa.com.ar\/index.php?rest_route=\/wp\/v2\/posts"}],"about":[{"href":"http:\/\/informeformosa.com.ar\/index.php?rest_route=\/wp\/v2\/types\/post"}],"author":[{"embeddable":true,"href":"http:\/\/informeformosa.com.ar\/index.php?rest_route=\/wp\/v2\/users\/11"}],"replies":[{"embeddable":true,"href":"http:\/\/informeformosa.com.ar\/index.php?rest_route=%2Fwp%2Fv2%2Fcomments&post=19616"}],"version-history":[{"count":0,"href":"http:\/\/informeformosa.com.ar\/index.php?rest_route=\/wp\/v2\/posts\/19616\/revisions"}],"wp:featuredmedia":[{"embeddable":true,"href":"http:\/\/informeformosa.com.ar\/index.php?rest_route=\/wp\/v2\/media\/19617"}],"wp:attachment":[{"href":"http:\/\/informeformosa.com.ar\/index.php?rest_route=%2Fwp%2Fv2%2Fmedia&parent=19616"}],"wp:term":[{"taxonomy":"category","embeddable":true,"href":"http:\/\/informeformosa.com.ar\/index.php?rest_route=%2Fwp%2Fv2%2Fcategories&post=19616"},{"taxonomy":"post_tag","embeddable":true,"href":"http:\/\/informeformosa.com.ar\/index.php?rest_route=%2Fwp%2Fv2%2Ftags&post=19616"}],"curies":[{"name":"wp","href":"https:\/\/api.w.org\/{rel}","templated":true}]}}