{"id":18721,"date":"2017-10-05T20:23:01","date_gmt":"2017-10-05T23:23:01","guid":{"rendered":"http:\/\/informeformosa.com.ar\/?p=18721"},"modified":"2017-10-05T20:23:01","modified_gmt":"2017-10-05T23:23:01","slug":"destacan-al-pueblo-formoseno-que-nunca-dejo-de-honrar-a-los-heroes-del-5-de-octubre","status":"publish","type":"post","link":"http:\/\/informeformosa.com.ar\/?p=18721","title":{"rendered":"Destacan al pueblo formose\u00f1o que nunca dejo de honrar a los h\u00e9roes del 5 de octubre"},"content":{"rendered":"<p>El gobernador Gildo Insfr\u00e1n encabez\u00f3 este jueves, la emotiva evocaci\u00f3n del 42\u00b0 aniversario del ataque al Regimiento 29 de Infanter\u00eda de Monte acaecido el 5 de octubre de 1975, fecha \u00a0instituida por ley provincial como \u201cD\u00eda del soldado Formose\u00f1o\u201d.<\/p>\n<p>Junto al comandante de la 1\u00b0 Divisi\u00f3n del Ej\u00e9rcito, general de brigada, Guillermo \u00c1ngel Tabernero y el\u00a0jefe del Regimiento de Monte 29,\u00a0teniente coronel Dar\u00edo Gabriel Banchio, el primer mandatario paso revista a las tropas formadas\u00a0en la plaza de armas \u201cJos\u00e9 Ignacio Warnes\u201d de la unidad militar.<\/p>\n<p>Destaco Tabernero la actitud del\u00a0\u201cpueblo formose\u00f1o que siempre honro a los h\u00e9roes\u201d, al tiempo que agradeci\u00f3 a nuestra comunidad \u201cpor no dejarlos morir en el olvido\u201d.<\/p>\n<p>De la ceremonia realizada en la plaza de armas \u201cJos\u00e9 Ignacio Warnes\u201d\u00a0 de la unidad militar, participaron tambi\u00e9n el presidente provisional de la Legislatura, Armando Cabrera, el Jefe de Gabinete, Antonio Ferreira, entre otras autoridades militares, veteranos del 5 de octubre, familiares de las v\u00edctimas, invitados especiales y pueblo en general.<\/p>\n<p>Luego de la invocaci\u00f3n religiosa del capell\u00e1n castrense, Epifanio Barrios, quien cerr\u00f3 su oficio pidiendo un fuerte aplauso para el soldado formose\u00f1o, se ejecuto el tocante \u201csilencio militar a los ca\u00eddos en aquella luctuosa tarde. La Banda Militar del Regimiento 29 junto a la Orquesta de Cuerdas de la Provincia, le pusieron m\u00fasica a un revivir con fotos de los h\u00e9roes y relatos de los hechos de aquel 5 de octubre de 1975.<\/p>\n<p>Se reedito el siempre conmovedor pase de revista de los muertos en combate, y las r\u00e1fagas de fusil en su memoria, adem\u00e1s de se\u00f1alarse los reconocimientos otorgados a cada uno de estos, a los heridos y a la misma unidad militar.<\/p>\n<p>Familiares del sargento ayudante post mortem V\u00edctor Sanabria, \u00a0hicieron entrega del sable que perteneciera a este h\u00e9roe nacido en la localidad de Comandante Fontana, para que sea exhibido en el museo del Regimiento 29.<\/p>\n<p>El jefe de la unidad militar hizo una sentida rese\u00f1a hist\u00f3rica de aquel luctuoso suceso sangriento, donde una banda paramilitar irregular irrumpiera el cuartel y matara a doce soldados y un agente policial, adem\u00e1s de dejar heridos a otros 17 hombres del Ejercito quienes resistieron y defendieron la unidad con gran coraje y hero\u00edsmo, ponder\u00e1ndose la tarea de otras fuerzas como la Polic\u00eda y de \u201cla ciudadan\u00eda toda\u201d.<\/p>\n<p>El arr\u00edo del pabell\u00f3n nacional y el pasaje de desfile de las formaciones marco el cierre de esta nueva evocaci\u00f3n.<\/p>\n","protected":false},"excerpt":{"rendered":"<p>El gobernador Gildo Insfr\u00e1n encabez\u00f3 este jueves, la emotiva evocaci\u00f3n del 42\u00b0 aniversario del ataque al Regimiento 29 de Infanter\u00eda de Monte acaecido el 5 de octubre de 1975, fecha \u00a0instituida por ley provincial como \u201cD\u00eda del soldado Formose\u00f1o\u201d. Junto al comandante de la 1\u00b0 Divisi\u00f3n del Ej\u00e9rcito, general de brigada, Guillermo \u00c1ngel Tabernero y [&hellip;]<\/p>\n","protected":false},"author":11,"featured_media":18722,"comment_status":"open","ping_status":"open","sticky":false,"template":"","format":"standard","meta":{"footnotes":""},"categories":[2],"tags":[],"class_list":["post-18721","post","type-post","status-publish","format-standard","has-post-thumbnail","hentry","category-locales"],"_links":{"self":[{"href":"http:\/\/informeformosa.com.ar\/index.php?rest_route=\/wp\/v2\/posts\/18721","targetHints":{"allow":["GET"]}}],"collection":[{"href":"http:\/\/informeformosa.com.ar\/index.php?rest_route=\/wp\/v2\/posts"}],"about":[{"href":"http:\/\/informeformosa.com.ar\/index.php?rest_route=\/wp\/v2\/types\/post"}],"author":[{"embeddable":true,"href":"http:\/\/informeformosa.com.ar\/index.php?rest_route=\/wp\/v2\/users\/11"}],"replies":[{"embeddable":true,"href":"http:\/\/informeformosa.com.ar\/index.php?rest_route=%2Fwp%2Fv2%2Fcomments&post=18721"}],"version-history":[{"count":0,"href":"http:\/\/informeformosa.com.ar\/index.php?rest_route=\/wp\/v2\/posts\/18721\/revisions"}],"wp:featuredmedia":[{"embeddable":true,"href":"http:\/\/informeformosa.com.ar\/index.php?rest_route=\/wp\/v2\/media\/18722"}],"wp:attachment":[{"href":"http:\/\/informeformosa.com.ar\/index.php?rest_route=%2Fwp%2Fv2%2Fmedia&parent=18721"}],"wp:term":[{"taxonomy":"category","embeddable":true,"href":"http:\/\/informeformosa.com.ar\/index.php?rest_route=%2Fwp%2Fv2%2Fcategories&post=18721"},{"taxonomy":"post_tag","embeddable":true,"href":"http:\/\/informeformosa.com.ar\/index.php?rest_route=%2Fwp%2Fv2%2Ftags&post=18721"}],"curies":[{"name":"wp","href":"https:\/\/api.w.org\/{rel}","templated":true}]}}