{"id":18699,"date":"2017-10-05T20:19:10","date_gmt":"2017-10-05T23:19:10","guid":{"rendered":"http:\/\/informeformosa.com.ar\/?p=18699"},"modified":"2017-10-05T20:19:10","modified_gmt":"2017-10-05T23:19:10","slug":"insfran-entrego-maquinarias-para-siete-delegaciones-de-vialidad-provincial","status":"publish","type":"post","link":"http:\/\/informeformosa.com.ar\/?p=18699","title":{"rendered":"Insfr\u00e1n entreg\u00f3 maquinarias para siete delegaciones de Vialidad Provincial"},"content":{"rendered":"<p>Durante una ceremonia llevada a cabo en la plaza San Mart\u00edn y en adhesi\u00f3n al D\u00eda del Camino y del Trabajador Vial, el gobernador Gildo Insfr\u00e1n entreg\u00f3 maquinarias viales para los siete distritos de Vialidad Provincial y el campamento ubicado a la vera del R\u00edo Pilcomayo denominado \u201cLas Torres\u201d. Durante la ceremonia hubo reconocimientos parea el personal vialero de varias d\u00e9cadas o que se destaco por su servicio en las labores asignadas.<\/p>\n<p>En cuanto a los equipamientos nuevos, se tratan de 27 equipos de primera marca, cero kil\u00f3metros, nueve motoniveladoras, ocho palas retroexcavadoras, cuatro camiones tractor\u00a0 con sus respectivos carretones para transportar maquinarias, dos excavadoras y dos camiones mezcladores de \u00e1ridos con emulsiones asf\u00e1lticas para trabajar en los caminos pavimentados.<\/p>\n<p>El administrador de Vialidad, Enrique Bellino, denunci\u00f3 que \u201cde los fondos espec\u00edficos que le corresponden a las Vialidades Provinciales estas reciben solo el 5,85 % por parte del gobierno nacional \u201clo que no alcanza ni para pagar los sueldos de los trabajadores\u201d.<\/p>\n<p>En este contexto valor\u00f3 el apoyo el gobernador Insfran para que Vialidad pueda seguir ejecutando los trabajos de mantenimiento de los 7000 kilometros de rutas que posee la provincia, a los que hay que sumar el mantenimiento constante del canal Las Torres que aseguran el ingreso de las agua del Pilcomayo a nuestro territorio.<\/p>\n<p>\u201cVamos a defender con nuestras fuerzas, todos los logros conseguidos hasta ac\u00e1, por eso se\u00f1or gobernador toma todav\u00eda mayor impulso este fortalecimiento institucional que hoy est\u00e1 a la vista de toda la comunidad\u201d, expuso categ\u00f3rico.<\/p>\n<p>Advirti\u00f3 el complejo a\u00f1o \u201cporque el clima nos jug\u00f3 una mala pasada. Casi 90 d\u00edas de lluvia sin parar en toda la provincia\u201d, record\u00f3, para subrayar que en los diferentes departamento de la provincia esta contingencia h\u00eddrica hizo que los vialeros trabajaran activamente en favor de la gente.<\/p>\n<p>Por su parte, el Ministro de Planificaci\u00f3n, Inversi\u00f3n, Obras y Servicio P\u00fablicos, Daniel Malich destac\u00f3 la importancia de la labor que realizan los trabajadores viales.<\/p>\n<p>\u201cUno de los pilares fundamentales del desarrollo integral de la provincia lo constituye la red vial, se considera que el camino es un v\u00ednculo para los pueblos, es lo que nos permite lograr el equilibrio territorial, lo que permite poner en igualdad de condiciones a cada uno de los ciudadanos que viven y que habitan en una tierra y en consecuencia en su momento se ha considerado tal la importancia del camino que se considero tambi\u00e9n fundamental que el estado asuma la administraci\u00f3n de los recursos para que pueda desarrollarse la actividad del mantenimiento, la apertura y la ejecuci\u00f3n de esas obras\u00a0 es as\u00ed que se cre\u00f3 la Direcci\u00f3n General de Vialidad\u201d subray\u00f3 el funcionario.<\/p>\n<p>Con respecto a la importancia que conlleva el equipamiento entregado para el desarrollo provincial afirm\u00f3\u00a0 que \u201ces fundamental para el desarrollo de la actividad y fundamental por sobre todas las cosas para el personal que tanto empe\u00f1o y sacrificio le pone y le ha puesto toda la vida para lograr el desarrollo integral de nuestra provincia, que no es otra cosa que el objetivo de nuestro modelo formose\u00f1o\u201d.<\/p>\n<p>\u201cHoy estamos viviendo una consolidaci\u00f3n del modelo pol\u00edtico del gobernador Insfr\u00e1n, este modelo que tiene como centro de acci\u00f3n al hombre de carne y hueso, toda actividad que desarrolla la pol\u00edtica y el estado tiene como fin \u00faltimo al hombre, al ciudadano com\u00fan, al habitante del territorio formose\u00f1o\u201d subray\u00f3.<\/p>\n<p>Para finalizar destac\u00f3 el cumplimiento de las promesas hechas por la gesti\u00f3n del gobernador Insfr\u00e1n:\u00a0 \u201cCon hechos concretos hemos demostrado que la pol\u00edtica es la herramienta de transformaci\u00f3n que nos va a permitir poner a todos en un lugar de igualdad y en pie de igualdad con el resto de nuestros semejantes\u201d.<\/p>\n","protected":false},"excerpt":{"rendered":"<p>Durante una ceremonia llevada a cabo en la plaza San Mart\u00edn y en adhesi\u00f3n al D\u00eda del Camino y del Trabajador Vial, el gobernador Gildo Insfr\u00e1n entreg\u00f3 maquinarias viales para los siete distritos de Vialidad Provincial y el campamento ubicado a la vera del R\u00edo Pilcomayo denominado \u201cLas Torres\u201d. Durante la ceremonia hubo reconocimientos parea [&hellip;]<\/p>\n","protected":false},"author":11,"featured_media":18719,"comment_status":"open","ping_status":"open","sticky":false,"template":"","format":"standard","meta":{"footnotes":""},"categories":[2],"tags":[],"class_list":["post-18699","post","type-post","status-publish","format-standard","has-post-thumbnail","hentry","category-locales"],"_links":{"self":[{"href":"http:\/\/informeformosa.com.ar\/index.php?rest_route=\/wp\/v2\/posts\/18699","targetHints":{"allow":["GET"]}}],"collection":[{"href":"http:\/\/informeformosa.com.ar\/index.php?rest_route=\/wp\/v2\/posts"}],"about":[{"href":"http:\/\/informeformosa.com.ar\/index.php?rest_route=\/wp\/v2\/types\/post"}],"author":[{"embeddable":true,"href":"http:\/\/informeformosa.com.ar\/index.php?rest_route=\/wp\/v2\/users\/11"}],"replies":[{"embeddable":true,"href":"http:\/\/informeformosa.com.ar\/index.php?rest_route=%2Fwp%2Fv2%2Fcomments&post=18699"}],"version-history":[{"count":0,"href":"http:\/\/informeformosa.com.ar\/index.php?rest_route=\/wp\/v2\/posts\/18699\/revisions"}],"wp:featuredmedia":[{"embeddable":true,"href":"http:\/\/informeformosa.com.ar\/index.php?rest_route=\/wp\/v2\/media\/18719"}],"wp:attachment":[{"href":"http:\/\/informeformosa.com.ar\/index.php?rest_route=%2Fwp%2Fv2%2Fmedia&parent=18699"}],"wp:term":[{"taxonomy":"category","embeddable":true,"href":"http:\/\/informeformosa.com.ar\/index.php?rest_route=%2Fwp%2Fv2%2Fcategories&post=18699"},{"taxonomy":"post_tag","embeddable":true,"href":"http:\/\/informeformosa.com.ar\/index.php?rest_route=%2Fwp%2Fv2%2Ftags&post=18699"}],"curies":[{"name":"wp","href":"https:\/\/api.w.org\/{rel}","templated":true}]}}