{"id":18695,"date":"2017-10-05T20:10:53","date_gmt":"2017-10-05T23:10:53","guid":{"rendered":"http:\/\/informeformosa.com.ar\/?p=18695"},"modified":"2017-10-05T20:10:53","modified_gmt":"2017-10-05T23:10:53","slug":"gobierno-acentua-politica-de-seguridad-publica-con-una-policia-modernizada","status":"publish","type":"post","link":"http:\/\/informeformosa.com.ar\/?p=18695","title":{"rendered":"Gobierno acent\u00faa pol\u00edtica de seguridad  p\u00fablica con una polic\u00eda modernizada"},"content":{"rendered":"<p>Un sustancial aumento de personal altamente profesionalizado, sumado a equipos, m\u00f3viles, log\u00edstica y elementos de resguardo al recurso humano, forman parte del paquete de medidas enmarcadas en la decisi\u00f3n pol\u00edtica del gobierno de reforzar la seguridad publica desde una polic\u00eda provincial modernizada.<\/p>\n<p>Y enmarcado en ese prop\u00f3sito es que el gobernador Gildo Insfran presidio este viernes el acto de entrega de las primeras cinco camionetas cero kil\u00f3metro y seis motocicletas de un cupo mayor que progresivamente ir\u00e1 incorporando la polic\u00eda. Se le sumo 1050 chalecos antibalas a la polic\u00eda provincial, con lo cual se avanza todo el proceso de modernizaci\u00f3n y profesionalizaci\u00f3n de la fuerza. Se trata de un proceso de proceso de renovaci\u00f3n y fortalecimiento del parque automotor explicaron las autoridades. S\u00f3lo en chalecos, el estado invirti\u00f3 m\u00e1s de $18 millones.<\/p>\n<p>El acto fue encabezado por el gobernador Gildo Insfr\u00e1n, en el barrio 8 de Octubre, al norte de la ciudad, donde en las diferentes barriadas residen cerca de 90 mil personas.<\/p>\n<p>\u201cEstamos en un proceso de renovaci\u00f3n y fortalecimiento del parque automotor de la polic\u00eda provincial. En esta oportunidad se entregan las primeras cinco camionetas de este acentuando plan de modernizaci\u00f3n que se lleva adelante a y que continuara, dado que seguir\u00e1n incorpor\u00e1ndose otras camionetas, como tambi\u00e9n motocicletas\u201d explic\u00f3 el ministro de Gobierno, Justicia, Seguridad y Trabajo, Jorge Abel Gonz\u00e1lez.<\/p>\n<p>Resalt\u00f3 que \u201cLo importante es que entregamos 1050 chalecos antibalas, es una inversi\u00f3n muy importante, que supera los $18 millones para darle al personal mayor seguridad y calidad laboral\u201d.<\/p>\n<p>\u201cEsto forma parte de un proyecto integral, como es el modelo formose\u00f1o, donde en un mismo acto habilitamos un centro de salud, dotamos de m\u00e1s elementos a la polic\u00eda, venimos de un acto a donde se fortaleci\u00f3 el parque vial de nuestra vial. Son acciones y pol\u00edticas p\u00fablicas del estado provincial orientados a brindar a los formose\u00f1os mejores condiciones de vida\u201d subray\u00f3.<\/p>\n<p>Significo que \u201cla paz social es un patrimonio de los formose\u00f1os que constituye un derecho y una responsabilidad colectiva, en la que la pol\u00edtica tiene la gran responsabilidad de ser el eje rector para la resoluci\u00f3n de todos los conflictos sociales que se producen en la provincia\u201d, precis\u00f3.<\/p>\n<p>&nbsp;<\/p>\n<p>Insisti\u00f3 en subrayar el doctor Gonz\u00e1lez que \u201cla visi\u00f3n pol\u00edtica del gobernador (Gildo) Insfran y las acciones que provienen de ella fue lo que nos permiti\u00f3 hacer realidad el anhelo de una provincia grande y desde ella proyectarnos a fin de brindarle a todos los formose\u00f1os las mejores condiciones de vida\u201d, subrayando que el primer mandatario sigue con mucha atenci\u00f3n todo esta etapa tendiente a profesionalizar a los cuadros policiales y situar a la fuerza \u201ccomo protagonista de la construcci\u00f3n de la seguridad p\u00fablica\u201d.<\/p>\n","protected":false},"excerpt":{"rendered":"<p>Un sustancial aumento de personal altamente profesionalizado, sumado a equipos, m\u00f3viles, log\u00edstica y elementos de resguardo al recurso humano, forman parte del paquete de medidas enmarcadas en la decisi\u00f3n pol\u00edtica del gobierno de reforzar la seguridad publica desde una polic\u00eda provincial modernizada. Y enmarcado en ese prop\u00f3sito es que el gobernador Gildo Insfran presidio este [&hellip;]<\/p>\n","protected":false},"author":11,"featured_media":18711,"comment_status":"open","ping_status":"open","sticky":false,"template":"","format":"standard","meta":{"footnotes":""},"categories":[2],"tags":[],"class_list":["post-18695","post","type-post","status-publish","format-standard","has-post-thumbnail","hentry","category-locales"],"_links":{"self":[{"href":"http:\/\/informeformosa.com.ar\/index.php?rest_route=\/wp\/v2\/posts\/18695","targetHints":{"allow":["GET"]}}],"collection":[{"href":"http:\/\/informeformosa.com.ar\/index.php?rest_route=\/wp\/v2\/posts"}],"about":[{"href":"http:\/\/informeformosa.com.ar\/index.php?rest_route=\/wp\/v2\/types\/post"}],"author":[{"embeddable":true,"href":"http:\/\/informeformosa.com.ar\/index.php?rest_route=\/wp\/v2\/users\/11"}],"replies":[{"embeddable":true,"href":"http:\/\/informeformosa.com.ar\/index.php?rest_route=%2Fwp%2Fv2%2Fcomments&post=18695"}],"version-history":[{"count":0,"href":"http:\/\/informeformosa.com.ar\/index.php?rest_route=\/wp\/v2\/posts\/18695\/revisions"}],"wp:featuredmedia":[{"embeddable":true,"href":"http:\/\/informeformosa.com.ar\/index.php?rest_route=\/wp\/v2\/media\/18711"}],"wp:attachment":[{"href":"http:\/\/informeformosa.com.ar\/index.php?rest_route=%2Fwp%2Fv2%2Fmedia&parent=18695"}],"wp:term":[{"taxonomy":"category","embeddable":true,"href":"http:\/\/informeformosa.com.ar\/index.php?rest_route=%2Fwp%2Fv2%2Fcategories&post=18695"},{"taxonomy":"post_tag","embeddable":true,"href":"http:\/\/informeformosa.com.ar\/index.php?rest_route=%2Fwp%2Fv2%2Ftags&post=18695"}],"curies":[{"name":"wp","href":"https:\/\/api.w.org\/{rel}","templated":true}]}}