{"id":18683,"date":"2017-10-05T19:25:02","date_gmt":"2017-10-05T22:25:02","guid":{"rendered":"http:\/\/informeformosa.com.ar\/?p=18683"},"modified":"2017-10-05T19:25:02","modified_gmt":"2017-10-05T22:25:02","slug":"inauguran-nuevo-centro-de-salud-en-populoso-sector-norte-de-la-ciudad","status":"publish","type":"post","link":"http:\/\/informeformosa.com.ar\/?p=18683","title":{"rendered":"Inauguran nuevo centro de salud en populoso sector norte de la ciudad"},"content":{"rendered":"<p>El gobernador Gildo Insfr\u00e1n inaugur\u00f3 este jueves un nuevo centro de salud, en este caso en el barrio 8 de Octubre, situado en el populoso sector norte de la ciudad.<\/p>\n<p>Esta estructura dotada de los equipamientos y recursos humanos \u00a0tienen como prop\u00f3sito optimizar la atenci\u00f3n primaria de la salud, consider\u00e1ndola como el primer nivel de contacto con los individuos, la familia y la comunidad.<\/p>\n<p>Desde este centro se brindara una amplitud de servicios a la comunidad y zonas aleda\u00f1as, inclusive el de trabajo social desempe\u00f1ara una funci\u00f3n muy importante realizando salidas en terreno en conjunto con enfermeros, m\u00e9dicos y obstetras visitando a las familias de los barrios para realizar relevamientos sanitarios, detectar ni\u00f1os con bajo peso, embarazadas, completar el calendario de vacunaci\u00f3n y otorgar turnos para ex\u00e1menes obst\u00e9tricos.<\/p>\n<p>En el sector de consultorios externos se encuentran los de cl\u00ednica m\u00e9dica, kinesiolog\u00eda, pediatr\u00eda, odontolog\u00eda, tocoginecolog\u00eda con sanitario y de chequeo m\u00e9dico, vacunaci\u00f3n y antropometr\u00eda, control ni\u00f1o sano y entrega de leche, farmacia con dep\u00f3sito, sanitarios p\u00fablicos y sanitario para discapacitados.<\/p>\n<p>Por otra parte, el sector de guardia-emergencia cuenta con la enfermer\u00eda de guardia, consultorio de guardia, pre-internaci\u00f3n con sanitario, aposento de guardia y sala de reuniones, preparado para la creciente demanda de esa populosa barriada.<\/p>\n<p>Al hablar en la ceremonia, el diputado Agust\u00edn Samaniego (PJ) y candidato en primer t\u00e9rmino en la lista de diputados provinciales del Frente de la Victoria, destac\u00f3 las recientes inauguraciones realizadas por el gobierno provincial y resalt\u00f3 que \u201cante tama\u00f1as y tantas inauguraciones de obras uno naturaliza ver a nuestro gobernador cortando una cinta, recorriendo las realizaciones y recibiendo el cari\u00f1o de la gente\u201d<\/p>\n<p>\u201cEsto es posible gracias a una administraci\u00f3n prolija con los fondos p\u00fablicos, a un equilibrio presupuestario y a que el gobernador tomo la decisi\u00f3n trascendental en el a\u00f1o 2010\u00a0 de cancelar la deuda p\u00fablica y as\u00ed logramos tener independencia econ\u00f3mica\u201d, subray\u00f3.<\/p>\n<p>Expuso los dos modelos de pa\u00eds que se debaten en la actualidad, insistiendo en que \u201cpara nuestra ideolog\u00eda no es el capital ni la econom\u00eda el objetivo, sino el hombre y su felicidad. Todo lo que hacemos debe estar a disposici\u00f3n de la familia formose\u00f1a\u201d.<\/p>\n<p>\u201cExiste otra ideolog\u00eda que cree que cada uno debe preocuparse por s\u00ed mismo sin mirar a los dem\u00e1s, se\u00f1ala que en un econom\u00eda de mercado, entre la puja, entre la oferta y la demanda, cada uno de los habitantes de una comunidad debe procurarse la adquisici\u00f3n de los bienes y servicios, si el mercado domina a la sociedad, los perjudicados, los excluidos del sistema ser\u00e1n los m\u00e1s desprotegidos, los m\u00e1s humildes,\u00a0 pero no solamente ellos porque gran parte de la clase media tambi\u00e9n est\u00e1 excluida de ese sistema, lastimosamente en Argentina desde el 10 de diciembre del 2015 se est\u00e1 aplicando este sistema de exclusi\u00f3n de manera progresiva\u201d .<\/p>\n<p>Se mostro cr\u00edtico hacia el gobierno nacional en torno a la decisi\u00f3n de que \u201chan liberado el precio de las tarifas, un ejemplo claro es la energ\u00eda el\u00e9ctrica, ahora liberaron el precio de la nafta, si las empresas pueden elegir el precio las tarifas van a aumentar, ahora intentar privatizar un emblema de la Argentina como es Vialidad Nacional, intentan realizar reformas anti populares y por si esto fuera poco discriminan a provincias como la nuestra, se olvidan de provincias como la nuestra y ante este cuadro existen dirigentes pol\u00edticos en nuestra provincia que apoyan y militan para esas pol\u00edticas, duele que discriminen a nuestra provincia pero es peor que comprovincianos nuestros sean c\u00f3mplices y defensores de esas pol\u00edticas\u201d.<\/p>\n<p>De cara a las pr\u00f3ximas elecciones del 22 octubre exhorto a que \u201cel azul de nuestras boletas es el azul de nuestra esperanza lo \u00fanico que nos garantiza poder seguir cumpliendo sue\u00f1os, sue\u00f1os simples pero grandes, sue\u00f1os sencillos pero ambiciosos, sue\u00f1os ut\u00f3picos pero realizables, es el azul de nuestro modelo el que garantiza que tengamos un futuro pero no un futuro cualquiera un futuro con proyecto y un futuro que nos incluya a todos\u201d.<\/p>\n","protected":false},"excerpt":{"rendered":"<p>El gobernador Gildo Insfr\u00e1n inaugur\u00f3 este jueves un nuevo centro de salud, en este caso en el barrio 8 de Octubre, situado en el populoso sector norte de la ciudad. Esta estructura dotada de los equipamientos y recursos humanos \u00a0tienen como prop\u00f3sito optimizar la atenci\u00f3n primaria de la salud, consider\u00e1ndola como el primer nivel de [&hellip;]<\/p>\n","protected":false},"author":11,"featured_media":18691,"comment_status":"open","ping_status":"open","sticky":false,"template":"","format":"standard","meta":{"footnotes":""},"categories":[12],"tags":[],"class_list":["post-18683","post","type-post","status-publish","format-standard","has-post-thumbnail","hentry","category-salud"],"_links":{"self":[{"href":"http:\/\/informeformosa.com.ar\/index.php?rest_route=\/wp\/v2\/posts\/18683","targetHints":{"allow":["GET"]}}],"collection":[{"href":"http:\/\/informeformosa.com.ar\/index.php?rest_route=\/wp\/v2\/posts"}],"about":[{"href":"http:\/\/informeformosa.com.ar\/index.php?rest_route=\/wp\/v2\/types\/post"}],"author":[{"embeddable":true,"href":"http:\/\/informeformosa.com.ar\/index.php?rest_route=\/wp\/v2\/users\/11"}],"replies":[{"embeddable":true,"href":"http:\/\/informeformosa.com.ar\/index.php?rest_route=%2Fwp%2Fv2%2Fcomments&post=18683"}],"version-history":[{"count":0,"href":"http:\/\/informeformosa.com.ar\/index.php?rest_route=\/wp\/v2\/posts\/18683\/revisions"}],"wp:featuredmedia":[{"embeddable":true,"href":"http:\/\/informeformosa.com.ar\/index.php?rest_route=\/wp\/v2\/media\/18691"}],"wp:attachment":[{"href":"http:\/\/informeformosa.com.ar\/index.php?rest_route=%2Fwp%2Fv2%2Fmedia&parent=18683"}],"wp:term":[{"taxonomy":"category","embeddable":true,"href":"http:\/\/informeformosa.com.ar\/index.php?rest_route=%2Fwp%2Fv2%2Fcategories&post=18683"},{"taxonomy":"post_tag","embeddable":true,"href":"http:\/\/informeformosa.com.ar\/index.php?rest_route=%2Fwp%2Fv2%2Ftags&post=18683"}],"curies":[{"name":"wp","href":"https:\/\/api.w.org\/{rel}","templated":true}]}}