{"id":18681,"date":"2017-10-05T19:17:50","date_gmt":"2017-10-05T22:17:50","guid":{"rendered":"http:\/\/informeformosa.com.ar\/?p=18681"},"modified":"2017-10-05T19:17:50","modified_gmt":"2017-10-05T22:17:50","slug":"apertura-oficial-de-frutar-2017-este-viernes-por-la-tarde-noche","status":"publish","type":"post","link":"http:\/\/informeformosa.com.ar\/?p=18681","title":{"rendered":"Apertura oficial de Frutar 2017 este viernes por la tarde-noche"},"content":{"rendered":"<p>Para las 19,30 de este viernes en el Galp\u00f3n \u201cG\u201d est\u00e1 previsto el acto de apertura oficial de la edici\u00f3n 2017 de Frutar, espacio para comercializar los productos fruti-hort\u00edcolas formose\u00f1os, adem\u00e1s de generarles las herramientas tendientes a generarles v\u00ednculos empresariales con el pa\u00eds y la regi\u00f3n del Mercosur.<\/p>\n<p>Altas autoridades provinciales e invitados especiales, junto a destacados empresarios locales y del pa\u00eds, productores del rubro, compartir\u00e1n el recorrido habitual por los pabellones de exposiciones diseminados en diferentes espacios del Paseo Costanero. Un centenar y medio de empresas nacionales y tambi\u00e9n extranjeras mostraran sus productos, muchos de ellos industrializados y una amplia variedad de producciones.<\/p>\n<p>Este jueves en el Galp\u00f3n C se inicio el ciclo de seminarios y conferencias, y luego en el sal\u00f3n auditorio de OSDE, se produjo el acto de apertura de las rondas de negocios. Las mismas continuaran este viernes en el marco de un comienzo prometedor.<\/p>\n<p>Durante el fin de semana, se realizara el tradicional \u201cFrutar Sabores\u201d, en el Galp\u00f3n \u201cC\u201d dando inicio el s\u00e1bado a las 16 con el primer encuentro regional de gastronom\u00eda, seguido por la cocina paraguaya que contara con la presencia de destacados chef de renombre nacional e internacional como Jimena Monteverde y Maju Bacigalupo, quienes estar\u00e1n el d\u00eda domingo 8 dictando clases magistrales de cocina, adem\u00e1s de un espacio convocante \u201ccocinando con los ni\u00f1os\u201d.<\/p>\n<p>Guillermo Ar\u00e9valo, coordinador general \u201cdestaco que esta feria es un espacio para comercializar los productos de los formose\u00f1os que sirve para generar v\u00ednculos empresariales con el pa\u00eds y la regi\u00f3n del Mercosur, por eso la presencia de 80 empresas participando de la ronda internacional de negocios, a los cuales se suman los productores formose\u00f1os que buscan consolidar sus negocios comercializando sus productos\u201d.<br \/>\n<strong>Lo musical<\/strong><\/p>\n<p>&nbsp;<\/p>\n<p>Y la m\u00fasica no puede estar ausente en un evento tan convocante, de ah\u00ed que durante todo este fin de semana en el play\u00f3n municipal con entrada libre y gratuita, estar\u00e1n subiendo al escenario artistas consagrados de la provincia como Quorum, Pacho Araya, Inay, Disco Eterno con su tributo a Soda St\u00e9rero, Tania Torres, adem\u00e1s de Elena Godoy, Pili Delturco, Shecka y Jasy (Griselda Paredes), quienes representan a Formosa en el CD regional doble llamado La Tierra si males, producido por el Consejo Federal de Cultura. La grilla se completa con Ernestito Montiel y el cuarteto Santa Ana, y Ambo\u00e9, de Corrientes; Los 4 de C\u00f3rdoba y Teresa Parodi, que est\u00e1 presentando su nuevo \u00e1lbum \u201cTodo lo que tengo\u201d.<br \/>\nDe Paraguay se presentar\u00e1 Roscer D\u00edaz; Ibrahim Ferrer Jr. de Cuba; Ju Moraes, cantante y compositora de samba, revelaci\u00f3n de la primera edici\u00f3n de The Voice Brasil; El Bahiano, con su \u00faltimo \u00e1lbum Celebremos; y Sandra Mihanovich, celebrando los 40 a\u00f1os en la m\u00fasica.<\/p>\n<p>Se espera que el evento movilice a unas 40 mil personas lo que significa un importante movimiento econ\u00f3mico para esos d\u00edas en la ciudad en lo respecta a hoteles, gastronom\u00eda, transportes etc.<\/p>\n","protected":false},"excerpt":{"rendered":"<p>Para las 19,30 de este viernes en el Galp\u00f3n \u201cG\u201d est\u00e1 previsto el acto de apertura oficial de la edici\u00f3n 2017 de Frutar, espacio para comercializar los productos fruti-hort\u00edcolas formose\u00f1os, adem\u00e1s de generarles las herramientas tendientes a generarles v\u00ednculos empresariales con el pa\u00eds y la regi\u00f3n del Mercosur. Altas autoridades provinciales e invitados especiales, junto [&hellip;]<\/p>\n","protected":false},"author":11,"featured_media":18686,"comment_status":"open","ping_status":"open","sticky":false,"template":"","format":"standard","meta":{"footnotes":""},"categories":[13],"tags":[],"class_list":["post-18681","post","type-post","status-publish","format-standard","has-post-thumbnail","hentry","category-produccion"],"_links":{"self":[{"href":"http:\/\/informeformosa.com.ar\/index.php?rest_route=\/wp\/v2\/posts\/18681","targetHints":{"allow":["GET"]}}],"collection":[{"href":"http:\/\/informeformosa.com.ar\/index.php?rest_route=\/wp\/v2\/posts"}],"about":[{"href":"http:\/\/informeformosa.com.ar\/index.php?rest_route=\/wp\/v2\/types\/post"}],"author":[{"embeddable":true,"href":"http:\/\/informeformosa.com.ar\/index.php?rest_route=\/wp\/v2\/users\/11"}],"replies":[{"embeddable":true,"href":"http:\/\/informeformosa.com.ar\/index.php?rest_route=%2Fwp%2Fv2%2Fcomments&post=18681"}],"version-history":[{"count":0,"href":"http:\/\/informeformosa.com.ar\/index.php?rest_route=\/wp\/v2\/posts\/18681\/revisions"}],"wp:featuredmedia":[{"embeddable":true,"href":"http:\/\/informeformosa.com.ar\/index.php?rest_route=\/wp\/v2\/media\/18686"}],"wp:attachment":[{"href":"http:\/\/informeformosa.com.ar\/index.php?rest_route=%2Fwp%2Fv2%2Fmedia&parent=18681"}],"wp:term":[{"taxonomy":"category","embeddable":true,"href":"http:\/\/informeformosa.com.ar\/index.php?rest_route=%2Fwp%2Fv2%2Fcategories&post=18681"},{"taxonomy":"post_tag","embeddable":true,"href":"http:\/\/informeformosa.com.ar\/index.php?rest_route=%2Fwp%2Fv2%2Ftags&post=18681"}],"curies":[{"name":"wp","href":"https:\/\/api.w.org\/{rel}","templated":true}]}}