{"id":18644,"date":"2017-10-04T19:37:23","date_gmt":"2017-10-04T22:37:23","guid":{"rendered":"http:\/\/informeformosa.com.ar\/?p=18644"},"modified":"2017-10-04T19:37:23","modified_gmt":"2017-10-04T22:37:23","slug":"actividades-para-pacientes-de-salud-mental","status":"publish","type":"post","link":"http:\/\/informeformosa.com.ar\/?p=18644","title":{"rendered":"Actividades para pacientes de Salud Mental"},"content":{"rendered":"<p>El hospital de D\u00eda de Salud Mental, emplazado en el hospital distrital \u00a08, se encuentra intensificando las m\u00faltiples acciones que se llevan adelante a lo largo del a\u00f1o para\u00a0 sostener y acompa\u00f1ar el tratamiento ambulatorio de los pacientes y\u00a0 su reinserci\u00f3n socio-comunitaria.<\/p>\n<p>Las diversas actividades concretadas por estos d\u00edas, est\u00e1n vinculadas al D\u00eda de la Salud Mental que se conmemora el 10 de octubre de cada a\u00f1o. Entre las mismas, se realizan talleres interdisciplinarios, charlas, salidas terap\u00e9uticas, visitas, y otras tantas acciones que estimulan a los pacientes a desarrollar sus capacidades como tambi\u00e9n a mejorar la relaci\u00f3n con el grupo y el contexto en general.<\/p>\n<p>Al respecto, desde la direcci\u00f3n de Salud Mental y Neurociencias del Ministerio de Desarrollo Humano local comentaron que \u201cde manera programada como se delinea para todo el a\u00f1o\u201d los pacientes \u201chacen recorridas por lugares destacados de nuestra ciudad, tambi\u00e9n talleres de manualidades, panader\u00eda, huerta, adem\u00e1s de otros, y participan de encuentros y charlas\u201d.<\/p>\n<p>En este marco, junto a sus acompa\u00f1antes terap\u00e9uticos y familias, juntaron juguetes que entregaron a los ni\u00f1os que se encuentran internados en el hospital de la Madre y el Ni\u00f1o. \u201cDe este modo, ellos se sienten involucrados en un gesto solidario que les permite fortalecer el v\u00ednculo con el entorno y, al mismo tiempo, mejorar su desenvolvimiento personal\u201d, detallaron.<\/p>\n<p>Cabe remarcarse que cada de las tareas planificadas \u201cposibilitan estimular el inter\u00e9s de los pacientes por conocer nuevos lugares y experiencias, fortalecer sus capacidades personales mediante la participaci\u00f3n activa\u201d. A su vez, permite consolidar los lazos con el otro, es decir \u201clos integrantes del grupo y personas cercanas\u201d. Adem\u00e1s de \u201ccontribuir al sentido de ubicaci\u00f3n t\u00e9mporo-espacial y la conexi\u00f3n con la naturaleza\u201d, aseguraron finalmente.<\/p>\n<p>Seg\u00fan se inform\u00f3 desde esta \u00e1rea, para este jueves se encuentra programado un Taller de cocina saludable, con participantes del dispositivo Hospital de D\u00eda. Explicaci\u00f3n y elaboraci\u00f3n de jugos frutales en las instalaciones del \u00e1rea de Salud Mental a las 18hs. Adem\u00e1s de una caminata saludables para promover la concientizaci\u00f3n sobre los derechos de los pacientes.<\/p>\n<p>Mientras que para el martes 10 de Octubre D\u00eda Mundial de la Salud Mental, est\u00e1 prevista una extensa jornada de exposici\u00f3n y muestreo de trabajos hechos por los pacientes del Hospital de D\u00eda, que tendr\u00e1 lugar en el Sal\u00f3n Ateneo del Hospital Distrito 8 a las 10 horas.<\/p>\n","protected":false},"excerpt":{"rendered":"<p>El hospital de D\u00eda de Salud Mental, emplazado en el hospital distrital \u00a08, se encuentra intensificando las m\u00faltiples acciones que se llevan adelante a lo largo del a\u00f1o para\u00a0 sostener y acompa\u00f1ar el tratamiento ambulatorio de los pacientes y\u00a0 su reinserci\u00f3n socio-comunitaria. Las diversas actividades concretadas por estos d\u00edas, est\u00e1n vinculadas al D\u00eda de la [&hellip;]<\/p>\n","protected":false},"author":11,"featured_media":18654,"comment_status":"open","ping_status":"open","sticky":false,"template":"","format":"standard","meta":{"footnotes":""},"categories":[12],"tags":[],"class_list":["post-18644","post","type-post","status-publish","format-standard","has-post-thumbnail","hentry","category-salud"],"_links":{"self":[{"href":"http:\/\/informeformosa.com.ar\/index.php?rest_route=\/wp\/v2\/posts\/18644","targetHints":{"allow":["GET"]}}],"collection":[{"href":"http:\/\/informeformosa.com.ar\/index.php?rest_route=\/wp\/v2\/posts"}],"about":[{"href":"http:\/\/informeformosa.com.ar\/index.php?rest_route=\/wp\/v2\/types\/post"}],"author":[{"embeddable":true,"href":"http:\/\/informeformosa.com.ar\/index.php?rest_route=\/wp\/v2\/users\/11"}],"replies":[{"embeddable":true,"href":"http:\/\/informeformosa.com.ar\/index.php?rest_route=%2Fwp%2Fv2%2Fcomments&post=18644"}],"version-history":[{"count":0,"href":"http:\/\/informeformosa.com.ar\/index.php?rest_route=\/wp\/v2\/posts\/18644\/revisions"}],"wp:featuredmedia":[{"embeddable":true,"href":"http:\/\/informeformosa.com.ar\/index.php?rest_route=\/wp\/v2\/media\/18654"}],"wp:attachment":[{"href":"http:\/\/informeformosa.com.ar\/index.php?rest_route=%2Fwp%2Fv2%2Fmedia&parent=18644"}],"wp:term":[{"taxonomy":"category","embeddable":true,"href":"http:\/\/informeformosa.com.ar\/index.php?rest_route=%2Fwp%2Fv2%2Fcategories&post=18644"},{"taxonomy":"post_tag","embeddable":true,"href":"http:\/\/informeformosa.com.ar\/index.php?rest_route=%2Fwp%2Fv2%2Ftags&post=18644"}],"curies":[{"name":"wp","href":"https:\/\/api.w.org\/{rel}","templated":true}]}}