{"id":18588,"date":"2017-10-03T19:46:26","date_gmt":"2017-10-03T22:46:26","guid":{"rendered":"http:\/\/informeformosa.com.ar\/?p=18588"},"modified":"2017-10-03T19:46:26","modified_gmt":"2017-10-03T22:46:26","slug":"fortalecen-organizacion-del-colectivo-de-residentes-espanoles-en-formosa","status":"publish","type":"post","link":"http:\/\/informeformosa.com.ar\/?p=18588","title":{"rendered":"Fortalecen organizaci\u00f3n del Colectivo de Residentes Espa\u00f1oles en Formosa"},"content":{"rendered":"<p>Una serie de novedades en v\u00edsperas de cumplir el decimo aniversario de sus actividades brindo Marco Antonio Arrieta Cardona, cofundador del Colectivo de Espa\u00f1oles Residentes en Formosa (CERF)\u00a0 quien en el \u00e1nimo de difundir lo realizado y lo por hacer revelo que la entidad\u00a0 tom\u00f3 la determinaci\u00f3n de crear una p\u00e1gina en Facebook, para ser m\u00e1s visibles, ante los espa\u00f1oles de la provincia y el mundo.<br \/>\nEl sitio es \u201cColectivo de Espa\u00f1oles en Formosa\u201d, solicitando que esta novedad sea difundida\u00a0 entre familiares y amigos con nacionalidad espa\u00f1ola, que residan en la provincia de Formosa.<br \/>\nArrieta Cardona revelo que el pr\u00f3ximo 20 de diciembre se cumplen\u00a0 los 10 a\u00f1os de vigencia del Colectivo de Espa\u00f1oles radicados en Formosa, y que se aspira aprovechar\u00a0 esa oportunidad para realizar una asamblea, en lugar a determinar.<br \/>\nExplico que la finalidad es la de ajustar la conformaci\u00f3n de la directiva del mismo, a lo que indica la normativa de la legislaci\u00f3n Argentina, es decir inscribirse como persona jur\u00eddica.-<br \/>\nHizo notar que desde su creaci\u00f3n, y al presente, todos los tr\u00e1mites se relacionaban, pr\u00e1cticamente con Espa\u00f1a, por ello, se reg\u00edan con lo normado por la ley cuarenta, que es el Estatuto de Espa\u00f1oles Residentes en el Exterior, dado que, al presente, los tramites de nacionalidad y pasaportes, los cubre el viceconsulado, se plantean nuevas metas.<br \/>\n\u201cContar con personer\u00eda jur\u00eddica en Argentina-dijo- es un reiterado reclamo, por parte de miembros del colectivo, por cuanto quieren inscribirse como instituci\u00f3n espa\u00f1ola en el exterior, y para poder contar con un predio ,as\u00ed tambi\u00e9n, de ser posible, buscar las ayudas necesarias para construir su propia sede social\u201d.<br \/>\nSignifico que para ser considerada instituci\u00f3n espa\u00f1ola en el exterior, se debe contar con un determinado n\u00famero de socios espa\u00f1oles para confirmar que el colectivo supera ese n\u00famero holgadamente.<br \/>\nArrieta Cardona indico que de llegar a esa nueva estructura funcional,\u00a0 permitir\u00eda seguir creciendo en su relaci\u00f3n con la colectividad de espa\u00f1oles y la sociedad toda de la provincia de Formosa.<br \/>\nAsimismo,\u00a0\u00a0 comento que se sigue trabajando de un modo silencioso, es decir sin exposici\u00f3n medi\u00e1tica, para la conformaci\u00f3n de la C\u00e1mara de Comercio, Turismo e Industria Formosa-Espa\u00f1a, para lo cual, se contin\u00faa tomando contacto, con diversos empresarios que, radicados en la provincia, poseen la nacionalidad espa\u00f1ola.<br \/>\nFinalmente, transmiti\u00f3 a toda la comunidad de la provincia de Formosa, y en modo especial a los espa\u00f1oles que la habitan, un fraternal saludo desde el colectivo de espa\u00f1oles.-<\/p>\n","protected":false},"excerpt":{"rendered":"<p>Una serie de novedades en v\u00edsperas de cumplir el decimo aniversario de sus actividades brindo Marco Antonio Arrieta Cardona, cofundador del Colectivo de Espa\u00f1oles Residentes en Formosa (CERF)\u00a0 quien en el \u00e1nimo de difundir lo realizado y lo por hacer revelo que la entidad\u00a0 tom\u00f3 la determinaci\u00f3n de crear una p\u00e1gina en Facebook, para ser [&hellip;]<\/p>\n","protected":false},"author":11,"featured_media":18593,"comment_status":"open","ping_status":"open","sticky":false,"template":"","format":"standard","meta":{"footnotes":""},"categories":[21],"tags":[],"class_list":["post-18588","post","type-post","status-publish","format-standard","has-post-thumbnail","hentry","category-provinciales"],"_links":{"self":[{"href":"http:\/\/informeformosa.com.ar\/index.php?rest_route=\/wp\/v2\/posts\/18588","targetHints":{"allow":["GET"]}}],"collection":[{"href":"http:\/\/informeformosa.com.ar\/index.php?rest_route=\/wp\/v2\/posts"}],"about":[{"href":"http:\/\/informeformosa.com.ar\/index.php?rest_route=\/wp\/v2\/types\/post"}],"author":[{"embeddable":true,"href":"http:\/\/informeformosa.com.ar\/index.php?rest_route=\/wp\/v2\/users\/11"}],"replies":[{"embeddable":true,"href":"http:\/\/informeformosa.com.ar\/index.php?rest_route=%2Fwp%2Fv2%2Fcomments&post=18588"}],"version-history":[{"count":0,"href":"http:\/\/informeformosa.com.ar\/index.php?rest_route=\/wp\/v2\/posts\/18588\/revisions"}],"wp:featuredmedia":[{"embeddable":true,"href":"http:\/\/informeformosa.com.ar\/index.php?rest_route=\/wp\/v2\/media\/18593"}],"wp:attachment":[{"href":"http:\/\/informeformosa.com.ar\/index.php?rest_route=%2Fwp%2Fv2%2Fmedia&parent=18588"}],"wp:term":[{"taxonomy":"category","embeddable":true,"href":"http:\/\/informeformosa.com.ar\/index.php?rest_route=%2Fwp%2Fv2%2Fcategories&post=18588"},{"taxonomy":"post_tag","embeddable":true,"href":"http:\/\/informeformosa.com.ar\/index.php?rest_route=%2Fwp%2Fv2%2Ftags&post=18588"}],"curies":[{"name":"wp","href":"https:\/\/api.w.org\/{rel}","templated":true}]}}