{"id":18579,"date":"2017-10-03T18:51:43","date_gmt":"2017-10-03T21:51:43","guid":{"rendered":"http:\/\/informeformosa.com.ar\/?p=18579"},"modified":"2017-10-03T18:51:43","modified_gmt":"2017-10-03T21:51:43","slug":"emotiva-inaguracion-del-centro-de-salud-en-colonia-la-primavera","status":"publish","type":"post","link":"http:\/\/informeformosa.com.ar\/?p=18579","title":{"rendered":"Emotiva inaguraci\u00f3n del Centro de salud  en Colonia La Primavera"},"content":{"rendered":"<p>Emocionante. As\u00ed puede definirse a la ceremonia de inauguraci\u00f3n del Centro de Salud en colonia La Primavera. Tanto el presidente de la asociaci\u00f3n civil, como el cacique Sanabria resaltaron el valor hist\u00f3rico de este edificio sanitario.<\/p>\n<p>La ceremonia de inauguraci\u00f3n fue presidida por el gobernador Gildo Insfr\u00e1n, quien lleg\u00f3 cerca del mediod\u00eda, tras lo cual una pastora de la comunidad brind\u00f3 una bendici\u00f3n.<\/p>\n<p>\u201cFijense las instalaciones que tenemos, el centro de salud, tenemos wi-fi, internet, creo que todos estamos contentos, ojal\u00e1 que el d\u00eda de ma\u00f1ana nuestros hijos estudien para que este sea su lugar de trabajo, que no dejen su cultura y su historia\u201d pidi\u00f3 Ra\u00fal Chilagaloy, presidente de la asociaci\u00f3n civil.<\/p>\n<p>Y les dijo : \u201cPor favor a la comunidad, ex\u00edjanle a sus hijos a entrar a la escuela, quiz\u00e1s los que vengan despu\u00e9s de nosotros est\u00e9n m\u00e1s capacitados, quiz\u00e1s nuestros hijos trabajen en el centro de salud o la escuela\u201d y record\u00f3 que \u201cantes atend\u00edamos la salud debajo del mango, ahora ya estamos mal acostumbrados y se corta la luz y ya nos estamos quejando todos\u201d.<\/p>\n<p>&nbsp;<\/p>\n<p>\u201cTambi\u00e9n les pido que no crean a cualquiera que venga a la comunidad, porque no vinieron antes a escucharnos, cuando hab\u00eda necesidades. El gobierno siempre nos escuch\u00f3 y atendi\u00f3.\u201d<\/p>\n<p>&nbsp;<\/p>\n<p>En tanto el cacique de la comunidad Cristino Sanabria resumi\u00f3 sus sentimientos al expresar que \u201cEs un d\u00eda de festejo y felicidad\u201d, \u201c el sue\u00f1o de nuestros ancestros\u201d cumplido.<\/p>\n<p>Se\u00f1al\u00f3 que \u201c El doctor Insfr\u00e1n no piensa en vender nuestra tierra, sino que nosotros vendemos por dos pesos, alquilamos, por eso no caen mis l\u00e1grimas, sino mi coraz\u00f3n est\u00e1 llorando, porque antes entrabamos a las escuelas descalzos, y ahora en febrero el dr Insfr\u00e1n ya env\u00eda \u00fatiles, guardapolvos, cuadernos. etc\u201d.<\/p>\n<p>Tambi\u00e9n coincidi\u00f3 en que \u201cDebemos cuidar este centro de salud, es para siempre, cuando \u00e9ramos chicos nos llevaban hasta Laguna a caballo, ahora tenemos ac\u00e1 mismo nuestro centro de salud\u201d.<\/p>\n<p>Se\u00f1al\u00f3 que el centro de salud estar\u00e1 abierto a todos, incluso para aquellos hermanos que cortan la ruta, y dijo que \u201cMi pap\u00e1 me ense\u00f1\u00f3 que no se corta la ruta, me ense\u00f1\u00f3 que hay que hablar con tranquilidad y paz\u201d.<\/p>\n<p>&nbsp;<\/p>\n<p>&nbsp;<\/p>\n<p>&nbsp;<\/p>\n<p>&nbsp;<\/p>\n<p>&nbsp;<\/p>\n","protected":false},"excerpt":{"rendered":"<p>Emocionante. As\u00ed puede definirse a la ceremonia de inauguraci\u00f3n del Centro de Salud en colonia La Primavera. Tanto el presidente de la asociaci\u00f3n civil, como el cacique Sanabria resaltaron el valor hist\u00f3rico de este edificio sanitario. La ceremonia de inauguraci\u00f3n fue presidida por el gobernador Gildo Insfr\u00e1n, quien lleg\u00f3 cerca del mediod\u00eda, tras lo cual [&hellip;]<\/p>\n","protected":false},"author":11,"featured_media":18580,"comment_status":"open","ping_status":"open","sticky":false,"template":"","format":"standard","meta":{"footnotes":""},"categories":[11],"tags":[],"class_list":["post-18579","post","type-post","status-publish","format-standard","has-post-thumbnail","hentry","category-interior"],"_links":{"self":[{"href":"http:\/\/informeformosa.com.ar\/index.php?rest_route=\/wp\/v2\/posts\/18579","targetHints":{"allow":["GET"]}}],"collection":[{"href":"http:\/\/informeformosa.com.ar\/index.php?rest_route=\/wp\/v2\/posts"}],"about":[{"href":"http:\/\/informeformosa.com.ar\/index.php?rest_route=\/wp\/v2\/types\/post"}],"author":[{"embeddable":true,"href":"http:\/\/informeformosa.com.ar\/index.php?rest_route=\/wp\/v2\/users\/11"}],"replies":[{"embeddable":true,"href":"http:\/\/informeformosa.com.ar\/index.php?rest_route=%2Fwp%2Fv2%2Fcomments&post=18579"}],"version-history":[{"count":0,"href":"http:\/\/informeformosa.com.ar\/index.php?rest_route=\/wp\/v2\/posts\/18579\/revisions"}],"wp:featuredmedia":[{"embeddable":true,"href":"http:\/\/informeformosa.com.ar\/index.php?rest_route=\/wp\/v2\/media\/18580"}],"wp:attachment":[{"href":"http:\/\/informeformosa.com.ar\/index.php?rest_route=%2Fwp%2Fv2%2Fmedia&parent=18579"}],"wp:term":[{"taxonomy":"category","embeddable":true,"href":"http:\/\/informeformosa.com.ar\/index.php?rest_route=%2Fwp%2Fv2%2Fcategories&post=18579"},{"taxonomy":"post_tag","embeddable":true,"href":"http:\/\/informeformosa.com.ar\/index.php?rest_route=%2Fwp%2Fv2%2Ftags&post=18579"}],"curies":[{"name":"wp","href":"https:\/\/api.w.org\/{rel}","templated":true}]}}