{"id":18553,"date":"2017-10-02T20:08:48","date_gmt":"2017-10-02T23:08:48","guid":{"rendered":"http:\/\/informeformosa.com.ar\/?p=18553"},"modified":"2017-10-02T20:08:48","modified_gmt":"2017-10-02T23:08:48","slug":"para-insfran-el-cambio-verdadero-lo-hizo-el-peronismo-lo-otro-es-verso","status":"publish","type":"post","link":"http:\/\/informeformosa.com.ar\/?p=18553","title":{"rendered":"Para Insfran \u201cel cambio verdadero\u201d lo hizo el peronismo, lo otro \u201ces verso\u201d"},"content":{"rendered":"<p>Desde Laguna Yema, donde inaugur\u00f3 la nueva infraestructura edilicia del hospital de la localidad y entreg\u00f3 una ambulancia, el gobernador Gildo Insfr\u00e1n destac\u00f3 que \u201cel cambio verdadero se hizo con este Gobierno\u201d y que los formose\u00f1os \u201cno estamos dentro de ese cambio del que hablan\u201d desde Naci\u00f3n, ya que con un claro objetivo electoral se prioriza s\u00f3lo a los sectores m\u00e1s concentrados del pa\u00eds y de m\u00e1s altos niveles adquisitivos.<\/p>\n<p>\u201cHoy ac\u00e1 hay una transformaci\u00f3n. No voy a usar esa otra palabra porque est\u00e1 muy gastada y es verso. El cambio verdadero se hizo con este Gobierno, estas cosas que hoy nos hablan es un verso, no estamos en ese proyecto, dentro de ese cambio del que ellos hablan\u201d, enfatiz\u00f3.<\/p>\n<p>Precis\u00f3 que \u201cla macroeconom\u00eda te muestra los datos y dice que aument\u00f3 la construcci\u00f3n, excelentes resultados, es cierto, pero en la estad\u00edstica puede mostrar lo que uno quiere. Cuando te dicen eso no es una mentira, pero la verdad dicha a medias sigue siendo mentira\u201d,<\/p>\n<p>\u201cEsos crecimientos que ellos indican en la macroeconom\u00eda no se dan en todo el territorio de la Naci\u00f3n, sino en los lugares m\u00e1s concentrados, donde tienen mayores niveles de ingresos, que son Capital Federal, Provincia de Buenos Aires, C\u00f3rdoba, Santa Fe y Mendoza, que son los distritos que a ellos les interesan porque con eso tienen m\u00e1s o menos el 75, 80% del electorado. Eso pasa cuando se piensa en resultados donde no se tiene en cuenta a la gente y s\u00ed al mercado\u201d, remarc\u00f3 el primer mandatario.<\/p>\n<p>Seguidamente, diferenci\u00f3 que \u201cnosotros tenemos una ideolog\u00eda diferente, porque para nosotros el centro de nuestra acci\u00f3n es el hombre y la mujer. Entonces, todo lo que hacemos lo hacemos pensando en ellos. Si lo hici\u00e9ramos por cuestiones electorales seguramente no \u00edbamos a estar en Yema, estar\u00edamos en cualquier barrio de la ciudad capital, donde van a haber m\u00e1s electores, m\u00e1s votantes, que aqu\u00ed. Pero a nosotros nos interesa que todos los formose\u00f1os, vivan donde vivan, tengan el acceso a la salud, la educaci\u00f3n, a Internet, a una vivienda, a un trabajo\u2026 esto es lo que nosotros buscamos y es lo que estamos viendo, las transformaciones que estamos viendo, que vienen de estructuras b\u00e1sicas\u201d, ejemplificando ello diciendo que \u201csi nosotros no hubi\u00e9semos tenido la ruta 81 nada de lo que estamos viviendo ac\u00e1 ser\u00eda posible. La ruta 81 nos cambi\u00f3 la vida\u201d.<\/p>\n<p>Sin embargo, agreg\u00f3 que \u201cs\u00f3lo con la ruta 81 no \u00edbamos a tener energ\u00eda. Lleg\u00f3 la energ\u00eda con la l\u00ednea de 500 kv y la de 132 desde Ibarreta a Ju\u00e1rez, m\u00e1s de ocho estaciones transformadoras que fueron dando una estructura importante para que hoy podamos mirar esto con un futuro promisorio\u201d, mencionando adem\u00e1s el soterramiento de m\u00e1s de dos mil kil\u00f3metros de fibra \u00f3ptica y las obras de acceso al agua. \u201cFuimos resolviendo el problema del agua, que es cr\u00f3nico en toda la regi\u00f3n. Inclusive nos visitan personas de otros lados que vienen a hacer inversiones aqu\u00ed, las que no hubieran venido si no hubi\u00e9semos tenido todas estas cosas\u201d, resalt\u00f3.<\/p>\n<p>\u201cPero no nos quedamos de brazos cruzados \u2013signific\u00f3-. Estamos formando recursos humanos que puedan trabajar en estos lugares con capacidad. Es decir, un desarrollo arm\u00f3nico. Todos juntos, con el centro de todo que sigue siendo el hombre. Lo que hoy venimos a hacer ac\u00e1 es un puntito m\u00e1s en toda esta cuesti\u00f3n sist\u00e9mica de la que estamos hablando\u201d.<\/p>\n<p>Explico que \u201cel hospital de Laguna Blanca se est\u00e1 haciendo de nuevo, porque es un nosocomio distrital enorme, no se puede terminar. Se estaba haciendo con fondos nacionales y desde que asumi\u00f3 el nuevo Gobierno avanza con un papelito, otro papelito\u201d.<\/p>\n<p>\u201cDentro de 20 d\u00edas tenemos una cita de honor, el momento donde cada uno tiene el arma m\u00e1s poderosa, el voto, les pido que nos sigan acompa\u00f1ando para seguir mejorando cada d\u00eda m\u00e1s, para que el formose\u00f1o se sienta cada d\u00eda mejor\u201d, concluy\u00f3 el primer mandatario.<\/p>\n<p>&nbsp;<\/p>\n<p><strong>En Ju\u00e1rez <\/strong><\/p>\n<p>&nbsp;<\/p>\n<p>En el barrio Viejo de Ingeniero Ju\u00e1rez donde Insfran inauguro la escuela primaria 498 y el Jard\u00edn de Infantes 20, y luego en el barrio Toba hizo lo propio con la escuela 440 y el jard\u00edn 21, adem\u00e1s de una casa solidaria, vinculo a la pavimentaci\u00f3n total de la ruta 81 como el \u201checho de que cambio el destino de Formosa\u201d.<\/p>\n<p>Revelo que \u201cintegro al este con el oeste, adem\u00e1s de modificar a toda esta \u00faltima regi\u00f3n que pudo vincularse en energ\u00eda el\u00e9ctrica, con la conectividad, la productividad y muchas transformaciones\u201d.<\/p>\n<p>\u201cAhora tenemos inversores que antes no ven\u00edan porque no ten\u00edamos camino, energ\u00eda, agua potable, comunicaci\u00f3n y otras obras que crearon las condiciones para producir\u201d, expuso, para valorar<\/p>\n<p>que \u201cluego de los ingratos episodios de abril \u00faltimo donde se quebr\u00f3 la paz social des profeso por profetas del mal y el odio, el compromiso de abor\u00edgenes y criollos hizo que se recobrara la pacificaci\u00f3n comunitaria\u201d.<\/p>\n<p>Anuncio que a las seis cuadras de pavimento sobre calle Belgrano le sumaran otras m\u00e1s, adem\u00e1s de construirse la escuela en la comunidad de San Martin. Indico que \u201cse continuara con las obras como las escuelas del barrio Obrero y en la poblaci\u00f3n de Fraga, a un menor ritmo, porque los fondos no llegan porque desde el gobierno nacional pretenden disciplinarnos, pero no lo har\u00e1n y seguiremos volcando fondos provinciales\u201d.<\/p>\n<p>\u201cLa verdad es esa, esta gesti\u00f3n nacional en dos a\u00f1os no solo no ha construido una sola obra, sino siquiera licitado una sola\u201d, sostuvo, para afirmar que \u201cesto es discriminaci\u00f3n\u201d. Trato de \u201cmentiroso\u201d y lo describi\u00f3 como \u201cPinocho\u201d al Jefe de Gabinete Nacional que afirmo d\u00edas atr\u00e1s en Corrientes que no se discrimina a nadie.<\/p>\n<p>Felicito al senador radical chaque\u00f1o \u00c1ngel Rosas, quien renuncio luego del desplante del presidente Mauricio Macri que estuvo en su provincia y no le hab\u00eda informado de ello. Para Insfran eso es \u201ctener dignidad, cuando dijo que a esta altura de mida no puedo aceptar que ningunee a mi partido\u201d.<\/p>\n<p>Antes esto el gobernador se pregunto: \u201cSi con sus aliados act\u00faan de esa manera, imag\u00ednense que podemos esperar nosotros los opositores?\u201d<\/p>\n<p>&nbsp;<\/p>\n<p><strong>\u201cPos verdad\u201d<\/strong><\/p>\n<p>&nbsp;<\/p>\n<p>\u201cLa vida es \u00a0hablar del pasado, presente y futuro. Pero cuando se narra desde la verdad, pero hoy hay una nueva terminolog\u00eda, es la pos-verdad, donde no importa que sea verdad lo que uno dice sino lo que el otro siente al escuchar\u201d, advirti\u00f3.<\/p>\n<p>Advirti\u00f3 que \u201clos que abrevan en esto culpaban de todo lo malo al pasado. Y ahora como pasaron casi dos a\u00f1os de gesti\u00f3n, hablan del futuro, pero olvidan del presente donde no pueden mostrar nada realizado\u201d<\/p>\n<p>Afirmo que \u201ctodo esto es mentira: La \u00fanica verdad es la realidad de este presente de incertidumbre que estamos viviendo\u201d, para anticipar que \u201clo que viene es peor. Pero no seamos un pueblo triste como ellos quieren, venceremos todas las adversidades habidas por haber\u201d.<\/p>\n<p>&nbsp;<\/p>\n<p><strong>\u201cNegocio financiero\u201d<\/strong><\/p>\n<p>&nbsp;<\/p>\n<p>Lo \u00fanico que traen son globitos amarillos. O la supuesta gran soluci\u00f3n que es un cr\u00e9dito con el 24% de inter\u00e9s para beneficiarios de planes sociales. Es un negocio financiero, si ya no les alcanza con lo que cobran, menos cuando deban comenzar el segundo mes a pagar las cuotas<\/p>\n<p>Una estad\u00edstica nacional da cuenta que el cr\u00e9dito que se toma por la famosa tarjeta Argenta, se destina mayormente a mejorar el perfil financiero de su deuda, o sea que si uno est\u00e1 endeudado con una tarjeta de cerdito paga la misma. Despu\u00e9s aparece la compra de motos y luego mejorar la casa.<\/p>\n<p>Esto significa que los m\u00e1s viejos se est\u00e1n endeudando para resolver el problema de los m\u00e1s j\u00f3venes<\/p>\n<p>Advirti\u00f3 la intencionalidad electoral de esos pr\u00e9stamos, ya que el descuento o \u201cgarrotazo\u201d operara tras los comicios, pero les digo que \u201csi les parece bien tomen este pr\u00e9stamo, pero el 22 vayan y voten por lo que vamos a estar siempre, y no los que van a desaparecer\u201d.<\/p>\n<h2>Expuso que \u201cla mayor\u00eda de los argentinos la est\u00e1 pasando mal, pero tienen la habilidad de haber concentrado los medios de comunicaci\u00f3n y hablando de que todo est\u00e1 bien, pero en la vida real eso no ocurre. Como la guerra de Malvinas, ac\u00e1 nos dec\u00edan que gan\u00e1bamos y las radios de afuera contaban la verdad y perd\u00edamos\u201d.<\/h2>\n<p>&nbsp;<\/p>\n<p><strong>\u201cFalsos\u201d <\/strong><\/p>\n<p>&nbsp;<\/p>\n<p>Califico de \u201cfalsos\u201d a quienes critican la ley electoral de Formosa, en Corrientes festejan y todo es democracia porque ellos ganaron, y ah\u00ed hay colectoras que son similares a los sub-lemas. Ac\u00e1 lo decimos con sinceridad que hay una de Ley de Lema.<\/p>\n","protected":false},"excerpt":{"rendered":"<p>Desde Laguna Yema, donde inaugur\u00f3 la nueva infraestructura edilicia del hospital de la localidad y entreg\u00f3 una ambulancia, el gobernador Gildo Insfr\u00e1n destac\u00f3 que \u201cel cambio verdadero se hizo con este Gobierno\u201d y que los formose\u00f1os \u201cno estamos dentro de ese cambio del que hablan\u201d desde Naci\u00f3n, ya que con un claro objetivo electoral se [&hellip;]<\/p>\n","protected":false},"author":11,"featured_media":18567,"comment_status":"open","ping_status":"open","sticky":false,"template":"","format":"standard","meta":{"footnotes":""},"categories":[11],"tags":[],"class_list":["post-18553","post","type-post","status-publish","format-standard","has-post-thumbnail","hentry","category-interior"],"_links":{"self":[{"href":"http:\/\/informeformosa.com.ar\/index.php?rest_route=\/wp\/v2\/posts\/18553","targetHints":{"allow":["GET"]}}],"collection":[{"href":"http:\/\/informeformosa.com.ar\/index.php?rest_route=\/wp\/v2\/posts"}],"about":[{"href":"http:\/\/informeformosa.com.ar\/index.php?rest_route=\/wp\/v2\/types\/post"}],"author":[{"embeddable":true,"href":"http:\/\/informeformosa.com.ar\/index.php?rest_route=\/wp\/v2\/users\/11"}],"replies":[{"embeddable":true,"href":"http:\/\/informeformosa.com.ar\/index.php?rest_route=%2Fwp%2Fv2%2Fcomments&post=18553"}],"version-history":[{"count":0,"href":"http:\/\/informeformosa.com.ar\/index.php?rest_route=\/wp\/v2\/posts\/18553\/revisions"}],"wp:featuredmedia":[{"embeddable":true,"href":"http:\/\/informeformosa.com.ar\/index.php?rest_route=\/wp\/v2\/media\/18567"}],"wp:attachment":[{"href":"http:\/\/informeformosa.com.ar\/index.php?rest_route=%2Fwp%2Fv2%2Fmedia&parent=18553"}],"wp:term":[{"taxonomy":"category","embeddable":true,"href":"http:\/\/informeformosa.com.ar\/index.php?rest_route=%2Fwp%2Fv2%2Fcategories&post=18553"},{"taxonomy":"post_tag","embeddable":true,"href":"http:\/\/informeformosa.com.ar\/index.php?rest_route=%2Fwp%2Fv2%2Ftags&post=18553"}],"curies":[{"name":"wp","href":"https:\/\/api.w.org\/{rel}","templated":true}]}}