{"id":18551,"date":"2017-10-02T20:05:40","date_gmt":"2017-10-02T23:05:40","guid":{"rendered":"http:\/\/informeformosa.com.ar\/?p=18551"},"modified":"2017-10-02T20:05:40","modified_gmt":"2017-10-02T23:05:40","slug":"en-el-festival-de-frutar-presentaran-la-tierra-sin-males-canta-un-cd-de-artistas-regionales","status":"publish","type":"post","link":"http:\/\/informeformosa.com.ar\/?p=18551","title":{"rendered":"En el Festival de Frutar presentar\u00e1n La Tierra sin males canta, un CD de artistas regionales"},"content":{"rendered":"<p>En el Festival internacional de m\u00fasica latinoamericana de la 7\u00b0 edici\u00f3n de FRUTAR 2017, que se desarrollar\u00e1 los d\u00edas s\u00e1bado 7 y domingo 8 de octubre en el play\u00f3n municipal de la costanera, en la primera jornada del Festival -noche de m\u00fasica folkl\u00f3rica y chamamecera- se presentar\u00e1 el CD doble La Tierra sin males canta, con las actuaciones en vivo de Los Hermanos Duarte (Corrientes), Jasy y Pili Delturco (Formosa) y Karoso Zuetta (Misiones).<\/p>\n<p>El CD fue producido por el Consejo Federal de Cultura, con el apoyo del Ente Cultural de la Regi\u00f3n NEA, las provincias de Formosa, Corrientes, Misiones, Chaco y de la Rep\u00fablica del Paraguay, as\u00ed como tambi\u00e9n del Ministerio de Cultura de la Naci\u00f3n argentina.<\/p>\n<p>Cuatro artistas por cada una de las 5 provincias de la regi\u00f3n y 4 m\u00e1s por Paraguay muestran un variado panorama de sonidos que destacan lo creativo, lo tradicional, lo innovador y lo milenario de hacer m\u00fasica en esta parte del continente.<\/p>\n<p>Los artistas que integran el CD son: Elena Godoy, Pili Delturco, Shecka y Jasy, por Formosa; Coco G\u00f3mez, Las Voces, Lisandro Machado y Lucas Monz\u00f3n, por Chaco; Los Hermanos Duarte, Agust\u00edn Monz\u00f3n, Nino Ram\u00edrez y Silencio Blues Tr\u00edo, por Corrientes; Angel Pato Garc\u00eda, Karoso Zuetta, Lunagua y Nerina Bader, por Misiones; y<\/p>\n<p>Joajo Cuarteto, Pedro Mart\u00ednez, Martina Leclerq y Sixto Corbal\u00e1n, por Paraguay.<\/p>\n<p>A trav\u00e9s de 20 canciones de artistas emergentes y consagrados de la Regi\u00f3n Compartida ArPa (integrada por las 4 provincias del NEA y Paraguay) este disco doble busca ser una postal del presente, pasado y futuro sonoro de nuestro territorio, pues alberga los ritmos folkl\u00f3ricos y for\u00e1neos que en di\u00e1logo art\u00edstico arrojan poes\u00edas y armon\u00edas de nuestra identidad en forma de m\u00fasica.<\/p>\n<p>Adem\u00e1s, intenta posicionar el relato de pensarnos como una regi\u00f3n Litoral argentina llena de recursos culturales, e integrada con los pa\u00edses vecinos, en este caso Paraguay.<\/p>\n<p>El CD doble <em>La Tierra sin males<\/em> <em>canta<\/em> ser\u00e1 un material de difusi\u00f3n y estar\u00e1 prohibida su venta, pues el objetivo es fomentar la circulaci\u00f3n y difusi\u00f3n de la m\u00fasica regional en \u00e1mbitos acad\u00e9micos, institucionales, diplom\u00e1ticos y todos los relacionados a la difusi\u00f3n de la cultura de nuestra regi\u00f3n, como mercados, ferias, congresos nacionales e internacionales, buscando tambi\u00e9n afirmar una matriz identitaria com\u00fan y ancestral con Paraguay.<\/p>\n","protected":false},"excerpt":{"rendered":"<p>En el Festival internacional de m\u00fasica latinoamericana de la 7\u00b0 edici\u00f3n de FRUTAR 2017, que se desarrollar\u00e1 los d\u00edas s\u00e1bado 7 y domingo 8 de octubre en el play\u00f3n municipal de la costanera, en la primera jornada del Festival -noche de m\u00fasica folkl\u00f3rica y chamamecera- se presentar\u00e1 el CD doble La Tierra sin males canta, [&hellip;]<\/p>\n","protected":false},"author":11,"featured_media":18563,"comment_status":"open","ping_status":"open","sticky":false,"template":"","format":"standard","meta":{"footnotes":""},"categories":[2],"tags":[],"class_list":["post-18551","post","type-post","status-publish","format-standard","has-post-thumbnail","hentry","category-locales"],"_links":{"self":[{"href":"http:\/\/informeformosa.com.ar\/index.php?rest_route=\/wp\/v2\/posts\/18551","targetHints":{"allow":["GET"]}}],"collection":[{"href":"http:\/\/informeformosa.com.ar\/index.php?rest_route=\/wp\/v2\/posts"}],"about":[{"href":"http:\/\/informeformosa.com.ar\/index.php?rest_route=\/wp\/v2\/types\/post"}],"author":[{"embeddable":true,"href":"http:\/\/informeformosa.com.ar\/index.php?rest_route=\/wp\/v2\/users\/11"}],"replies":[{"embeddable":true,"href":"http:\/\/informeformosa.com.ar\/index.php?rest_route=%2Fwp%2Fv2%2Fcomments&post=18551"}],"version-history":[{"count":0,"href":"http:\/\/informeformosa.com.ar\/index.php?rest_route=\/wp\/v2\/posts\/18551\/revisions"}],"wp:featuredmedia":[{"embeddable":true,"href":"http:\/\/informeformosa.com.ar\/index.php?rest_route=\/wp\/v2\/media\/18563"}],"wp:attachment":[{"href":"http:\/\/informeformosa.com.ar\/index.php?rest_route=%2Fwp%2Fv2%2Fmedia&parent=18551"}],"wp:term":[{"taxonomy":"category","embeddable":true,"href":"http:\/\/informeformosa.com.ar\/index.php?rest_route=%2Fwp%2Fv2%2Fcategories&post=18551"},{"taxonomy":"post_tag","embeddable":true,"href":"http:\/\/informeformosa.com.ar\/index.php?rest_route=%2Fwp%2Fv2%2Ftags&post=18551"}],"curies":[{"name":"wp","href":"https:\/\/api.w.org\/{rel}","templated":true}]}}