{"id":18545,"date":"2017-10-02T20:06:46","date_gmt":"2017-10-02T23:06:46","guid":{"rendered":"http:\/\/informeformosa.com.ar\/?p=18545"},"modified":"2017-10-02T20:06:46","modified_gmt":"2017-10-02T23:06:46","slug":"denuncian-a-funcionario-nacional-por-discriminar-y-criminalizar-a-colombianos","status":"publish","type":"post","link":"http:\/\/informeformosa.com.ar\/?p=18545","title":{"rendered":"Denuncian a funcionario nacional por discriminar y criminalizar a colombianos"},"content":{"rendered":"<p>Desde la Defensor\u00eda del Pueblo se pidi\u00f3 a la subsecretar\u00eda de Derechos Humanos a cargo de la doctora Silvina Arauz, se informe sobre los antecedentes existentes en nuestra provincia de ciudadanos colombianos y en cuyo sentido el coordinador del Centro de Acceso a la Justicia del ministerio de Justicia y Derechos Humanos de la Naci\u00f3n, Juan Eduardo Davis afirmara que en Formosa \u201coperan bandas mafiosas para lavar dinero sucio del comercio de la droga\u201d, se\u00f1alando como integrantes de las mismas a los ciudadanos colombianos que residen en distintos puntos de nuestra provincia.<\/p>\n<p>Desde la Defensor\u00eda se indico que a decir de Davis, \u201cestas personas podr\u00edan ser ex integrantes de las FARC\u201d, cuya actividad \u201cformar\u00edan parte de toda una red de tr\u00e1fico de drogas y operaciones de lavado de dinero de origen il\u00edcito, por medio de pr\u00e9stamos usureros al margen de la ley\u201d.<\/p>\n<p>En este sentido se informo al organismo constitucional que \u201ca trav\u00e9s de la actuaci\u00f3n 170\/17 que \u201cno se registran en la subsecretar\u00eda de Derechos Humanos denuncia alguna al respecto, pero habiendo tomado conocimiento de los supuestos dichos del doctor Juan Eduardo Davis, funcionario del estado nacional que refiere que: \u201cen Formosa, habr\u00edan m\u00e1s de 2000 colombianos, conjeturando que podr\u00edan ser ex integrantes de las FARC y que formar\u00edan parte de una red de tr\u00e1fico de drogas y operaciones de lavado de dinero de origen il\u00edcito\u201d.<\/p>\n<p>As\u00ed, se adelant\u00f3 que no se denuncian hechos concretos, con identificaci\u00f3n de tiempo, lugar y\/o modo de comisi\u00f3n del hecho, que pudieran motivar la intervenci\u00f3n del poder punitivo del Estado, teniendo presente que conforme el sistema internacional de Derechos Humanos y el Art. 18 de la Constituci\u00f3n Nacional se penan las conductas que se consideran delictivas y no a las personas por sus condiciones o caracter\u00edsticas.<\/p>\n<p>Se resalt\u00f3 por otro lado, que el INADI, tiene dicho: \u201cen el a\u00f1o 1981, en plena dictadura militar, se dict\u00f3 la Ley N\u00ba 22.439, com\u00fanmente conocida como -Ley Videla- y que fue concebida bajo la doctrina de la seguridad nacional y ten\u00eda una visi\u00f3n restrictiva de la pol\u00edtica migratoria. La inmigraci\u00f3n era vista como una amenaza al bienestar p\u00fablico, por eso la mirada sobre la persona inmigrante era persecutoria y represiva, basada en un prejuicio infundado\u201d. (INADI \u2013 \u201cmigrantes y discriminaci\u00f3n\u201d \u2013 CABA 2016 \u2013 primera ED. \u2013 P. 15). El Estado propiciaba la propaganda de que los inmigrantes en la Argentina eran responsables del aumento del desempleo, hasta que en el a\u00f1o 2004 se sanciona la ley N\u00ba 25.871 en la que la perspectiva de Derechos Humanos cobr\u00f3 una importancia crucial a la hora de abordar la tem\u00e1tica de las migraciones. Con su posterior Decreto Reglamentario N\u00ba 616\/10, se desarroll\u00f3 desde el Estado Argentino una pol\u00edtica migratoria basada en los principios de no discriminaci\u00f3n, igualdad, dignidad, participaci\u00f3n, inclusi\u00f3n plena, pluralidad, construyendo una sociedad respetuosa de la diversidad.<\/p>\n<p>\u201cLa acusaci\u00f3n de graves delitos en forma directa contra toda una poblaci\u00f3n espec\u00edfica, los colombianos que viven en Formosa, por la sola condici\u00f3n de ser tales, y sin aportar elementos f\u00e1cticos, respecto a los delitos que se mencionan, se constituye en una postura carente de elementos objetivos que permitan otorgarle alg\u00fan indicio de certeza y aparece cuanto menos contradictorio con los datos proporcionados por la Comisi\u00f3n Nacional de Refugiados, quien sostiene que los colombianos, representan la segunda migraci\u00f3n forzosa presente en la Argentina, despu\u00e9s de los sirios\u201d, fue advertido.<\/p>\n<p>Por tales motivos, y ante el planteo formulado por la Defensor\u00eda del Pueblo de la Provincia y atento a que se encuentran involucrados funcionarios de Naci\u00f3n, desde la Subsecretar\u00eda de Derechos Humanos se elevar\u00e1n las actuaciones correspondientes, con todos los antecedentes obrantes al Secretario de Derechos Humanos de la Naci\u00f3n, Claudio AVRUJ, para que tome intervenci\u00f3n al respecto.<\/p>\n","protected":false},"excerpt":{"rendered":"<p>Desde la Defensor\u00eda del Pueblo se pidi\u00f3 a la subsecretar\u00eda de Derechos Humanos a cargo de la doctora Silvina Arauz, se informe sobre los antecedentes existentes en nuestra provincia de ciudadanos colombianos y en cuyo sentido el coordinador del Centro de Acceso a la Justicia del ministerio de Justicia y Derechos Humanos de la Naci\u00f3n, [&hellip;]<\/p>\n","protected":false},"author":11,"featured_media":18565,"comment_status":"open","ping_status":"open","sticky":false,"template":"","format":"standard","meta":{"footnotes":""},"categories":[6],"tags":[],"class_list":["post-18545","post","type-post","status-publish","format-standard","has-post-thumbnail","hentry","category-nacionales"],"_links":{"self":[{"href":"http:\/\/informeformosa.com.ar\/index.php?rest_route=\/wp\/v2\/posts\/18545","targetHints":{"allow":["GET"]}}],"collection":[{"href":"http:\/\/informeformosa.com.ar\/index.php?rest_route=\/wp\/v2\/posts"}],"about":[{"href":"http:\/\/informeformosa.com.ar\/index.php?rest_route=\/wp\/v2\/types\/post"}],"author":[{"embeddable":true,"href":"http:\/\/informeformosa.com.ar\/index.php?rest_route=\/wp\/v2\/users\/11"}],"replies":[{"embeddable":true,"href":"http:\/\/informeformosa.com.ar\/index.php?rest_route=%2Fwp%2Fv2%2Fcomments&post=18545"}],"version-history":[{"count":0,"href":"http:\/\/informeformosa.com.ar\/index.php?rest_route=\/wp\/v2\/posts\/18545\/revisions"}],"wp:featuredmedia":[{"embeddable":true,"href":"http:\/\/informeformosa.com.ar\/index.php?rest_route=\/wp\/v2\/media\/18565"}],"wp:attachment":[{"href":"http:\/\/informeformosa.com.ar\/index.php?rest_route=%2Fwp%2Fv2%2Fmedia&parent=18545"}],"wp:term":[{"taxonomy":"category","embeddable":true,"href":"http:\/\/informeformosa.com.ar\/index.php?rest_route=%2Fwp%2Fv2%2Fcategories&post=18545"},{"taxonomy":"post_tag","embeddable":true,"href":"http:\/\/informeformosa.com.ar\/index.php?rest_route=%2Fwp%2Fv2%2Ftags&post=18545"}],"curies":[{"name":"wp","href":"https:\/\/api.w.org\/{rel}","templated":true}]}}