{"id":18511,"date":"2017-10-01T18:25:12","date_gmt":"2017-10-01T21:25:12","guid":{"rendered":"http:\/\/informeformosa.com.ar\/?p=18511"},"modified":"2017-10-01T18:25:12","modified_gmt":"2017-10-01T21:25:12","slug":"conmemoran-este-jueves-dia-del-camino-y-del-trabajador-vial-en-sede-de-la-dpv","status":"publish","type":"post","link":"http:\/\/informeformosa.com.ar\/?p=18511","title":{"rendered":"Conmemoran este jueves d\u00eda del camino y del trabajador vial en sede de la DPV"},"content":{"rendered":"<p>La sede central de la Direcci\u00f3n Provincial de Vialidad, sito sobre calle Jujuy 599 de esta ciudad, albergara este jueves desde las 10 el acto conmemorativo al D\u00eda del Camino y del Trabajador Vial, oportunidad en que altas autoridades provinciales testimoniaran con medallas recordatorias al personal con 35 a\u00f1os de servicio en el organismo.<\/p>\n<p>El administrador general de la DPV, ingeniero Enrique Ram\u00f3n Bellino y un representante del gobierno provincial estar\u00e1n entre las autoridades que aludir\u00e1n a la fecha y testimoniaran a los vialeros por su compromiso y sacrificio en su labor, fundamental en el \u201cproceso de inclusi\u00f3n territorial\u201d que se alcanzo en la \u00faltima dos d\u00e9cadas. Adem\u00e1s, se homenajeara con un minuto de silencio a los trabajadores viales fallecidos.<\/p>\n<p>Se har\u00e1 un minuto de silencio en memoria de los agentes viales fallecidos y se entregaran medallas a quienes cumplieron 35 a\u00f1os y m\u00e1s de labor ininterrumpida en Vialidad Provincial.<\/p>\n<p>Justamente se destaco que \u201cla ejecuci\u00f3n del modelo formose\u00f1o ha consolidado la integraci\u00f3n territorial de la provincia\u201d, para subrayarse el avance registrado en materia de infraestructura vial desde la puesta en marcha del modelo formose\u00f1o para el desarrollo provincial, ya que de los 744 kil\u00f3metros de caminos pavimentados con que se contaba en 1995, se pas\u00f3 a mas de 3000 kil\u00f3metros de la actualidad, con lo cual se entiende que \u201cya se cuenta ya con la infraestructura necesaria para que vengan los inversores privados a crear trabajo genuino para los formose\u00f1os\u201d.<\/p>\n<p>Una actualidad compleja se da en materia vial a partir de trascendentes obras de pavimentaci\u00f3n que han sido \u201cneutralizadas\u201d por el gobierno nacional.<\/p>\n<p>Sin embargo, la provincia con recursos propios encara mejoras viales vinculadas a la integraci\u00f3n territorial. En ese sentido se puede se\u00f1alar los trabajos de enripiado del acceso a Banco Payagua que est\u00e1 en marcha y en d\u00edas suceder\u00e1 lo mismo con la de Moj\u00f3n de Fierro, anunciando el gobernador Gildo Insfran que suceder\u00e1 lo propio con la nueva traza que vincula a la ruta 81 (cerca de Fraga) con El Chorro.<\/p>\n<p>Sobre las obras proyectadas y presupuestadas y que no fueron atendidas en los hechos por el gobierno nacional, se se\u00f1alo la construcci\u00f3n de la autov\u00eda de la ruta nacional 11 que fue proyectada para unir Santa Fe con Clorinda a partir del prop\u00f3sito de integrar las capitales de la Argentina y Paraguay, es decir Buenos Aires y Asunci\u00f3n.<\/p>\n<p>En el caso de Formosa, se mencion\u00f3 que estaba en\u00a0 ejecuci\u00f3n la obra desde la Cruz del Norte\u00a0 hasta General Mansilla\u00a0 y Villa Escolar, se\u00f1alando que est\u00e1 en marcha el tramo\u00a0 desde la Cruz hasta Tatan\u00e9, aunque fue neutralizada la obra que va desde esta ultima hasta Mansilla.<\/p>\n<p>\u201cPero lo\u00a0 m\u00e1s triste es que la obra figuraba en el presupuesto y ya no\u201d, se clarific\u00f3.<\/p>\n<p>Se record\u00f3, adem\u00e1s, que tambi\u00e9n se ten\u00eda incorporada con financiamiento de la Corporaci\u00f3n Andina de Fomento (CAF)\u00a0 la obra de pavimentaci\u00f3n de\u00a0 la ruta 2 desde la ruta 11, pasando por Moj\u00f3n de Fierro, llegando a Ca\u00f1ada 12. Pero tambi\u00e9n fue neutralizada y como se se\u00f1alara antes, la provincia dispuso encarar con recursos del tesoro provincial el enripiado hasta la vecina Moj\u00f3n de Fierro.<\/p>\n<p>Dijo que lo mismo ha ocurrido con el tramo \u00a0desde Ba\u00f1aderos hasta la 95, ya que\u00a0 la idea era seguir la ruta 9, hasta misi\u00f3n Pozo Yacar\u00e9, en las proximidades del l\u00edmite con Salta, o la ruta 23 en el Tramo Palo Santo-General Belgrano.<\/p>\n<p>&nbsp;<\/p>\n","protected":false},"excerpt":{"rendered":"<p>La sede central de la Direcci\u00f3n Provincial de Vialidad, sito sobre calle Jujuy 599 de esta ciudad, albergara este jueves desde las 10 el acto conmemorativo al D\u00eda del Camino y del Trabajador Vial, oportunidad en que altas autoridades provinciales testimoniaran con medallas recordatorias al personal con 35 a\u00f1os de servicio en el organismo. El [&hellip;]<\/p>\n","protected":false},"author":11,"featured_media":18512,"comment_status":"open","ping_status":"open","sticky":false,"template":"","format":"standard","meta":{"footnotes":""},"categories":[21],"tags":[],"class_list":["post-18511","post","type-post","status-publish","format-standard","has-post-thumbnail","hentry","category-provinciales"],"_links":{"self":[{"href":"http:\/\/informeformosa.com.ar\/index.php?rest_route=\/wp\/v2\/posts\/18511","targetHints":{"allow":["GET"]}}],"collection":[{"href":"http:\/\/informeformosa.com.ar\/index.php?rest_route=\/wp\/v2\/posts"}],"about":[{"href":"http:\/\/informeformosa.com.ar\/index.php?rest_route=\/wp\/v2\/types\/post"}],"author":[{"embeddable":true,"href":"http:\/\/informeformosa.com.ar\/index.php?rest_route=\/wp\/v2\/users\/11"}],"replies":[{"embeddable":true,"href":"http:\/\/informeformosa.com.ar\/index.php?rest_route=%2Fwp%2Fv2%2Fcomments&post=18511"}],"version-history":[{"count":0,"href":"http:\/\/informeformosa.com.ar\/index.php?rest_route=\/wp\/v2\/posts\/18511\/revisions"}],"wp:featuredmedia":[{"embeddable":true,"href":"http:\/\/informeformosa.com.ar\/index.php?rest_route=\/wp\/v2\/media\/18512"}],"wp:attachment":[{"href":"http:\/\/informeformosa.com.ar\/index.php?rest_route=%2Fwp%2Fv2%2Fmedia&parent=18511"}],"wp:term":[{"taxonomy":"category","embeddable":true,"href":"http:\/\/informeformosa.com.ar\/index.php?rest_route=%2Fwp%2Fv2%2Fcategories&post=18511"},{"taxonomy":"post_tag","embeddable":true,"href":"http:\/\/informeformosa.com.ar\/index.php?rest_route=%2Fwp%2Fv2%2Ftags&post=18511"}],"curies":[{"name":"wp","href":"https:\/\/api.w.org\/{rel}","templated":true}]}}