{"id":18489,"date":"2017-09-30T19:21:43","date_gmt":"2017-09-30T22:21:43","guid":{"rendered":"http:\/\/informeformosa.com.ar\/?p=18489"},"modified":"2017-09-30T19:21:43","modified_gmt":"2017-09-30T22:21:43","slug":"radicales-aliados-al-fdv-renuevan-compromiso-con-el-modelo-formoseno","status":"publish","type":"post","link":"http:\/\/informeformosa.com.ar\/?p=18489","title":{"rendered":"Radicales aliados al FdV renuevan compromiso con el modelo formose\u00f1o"},"content":{"rendered":"<p>En referencia a las \u00faltimas inauguraciones en comunidades del interior provincial, el subsecretario de Gesti\u00f3n Local del ministerio de la Comunidad, Miguel Insfr\u00e1n dijo que: \u201cel gobernador Gildo Insfran es un hombre que est\u00e1 al lado de su gente, sean originarioso criollos, sin distinci\u00f3n, trabajando los 365 d\u00edas del a\u00f1o, no como otros que solo lo hacen durante un proceso electoral\u201d.<\/p>\n<p>\u201cSin duda Insfr\u00e1n es el art\u00edfice del futuro de su pueblo, de lo contrario no podr\u00eda estar inaugurando tantas obras, distinto de otros y otras pol\u00edticas que se dedican a empe\u00f1ar el futuro de por lo menos tres generaciones de argentinos y apostando al empobrecimiento de las provincias\u201d, indic\u00f3 el dirigente radical que preside el sector pol\u00edtico partidario aliado del Frente de la Victoria.<\/p>\n<p>Sostuvo que el primer mandatario con su accionar lo que hace es \u201cmostrarle a la mayor\u00eda de los formose\u00f1os que con pol\u00edticas solidarias e inclusivas apuesta al desarrollo y que, con las mismas, se opone al ajuste, al centralismo,a la concentraci\u00f3n de la riqueza, al avance de mecanismos en detrimento de derechos adquiridos como as\u00ed tambi\u00e9n, al endeudamiento feroz de esta \u00faltima etapa que inclusive perjudicar\u00e1 a nuestro nietos\u201d, aclar\u00f3.<\/p>\n<p>Asimismo, destac\u00f3 que \u201cen virtud de la situaci\u00f3n que padece el pueblo argentino en donde las provincias son y ser\u00e1n las m\u00e1s afectadas en su econom\u00eda\u201d esta pr\u00f3xima elecci\u00f3n del 22 de octubre es estrat\u00e9gica y decisiva, \u201cporquemarcar\u00e1 el rumbo del pa\u00eds\u201d.<\/p>\n<p>En tal sentido coment\u00f3 que \u201ces necesario hablar de esto y hacer un mayor esfuerzo, comprometerse y militar durante estos d\u00edas previos a octubre para que, convencidos unos con otros apostemos sin dudar para apoyar en Formosa al modelo pol\u00edtico que siempre estuvo con la gente\u201d, argument\u00f3 el profesor Insfr\u00e1n remarcando el camino a tomar a la hora de elegir el voto.<\/p>\n<p>Por \u00faltimo advirti\u00f3: \u201cNo nos dejemos enga\u00f1ar como en el 2015 cuando nos prometieron bajar la inflaci\u00f3n, subir los salarios, eliminar ganancias, aumentar el empleo, desarrollar las econom\u00edas regionales cuando sin embargo hicieron lo contrario, subiendo las tarifas, despidiendo a cientos de miles, licuando salarios, eliminando retenciones y abriendo las importaciones destruyendo la industria nacional.<\/p>\n","protected":false},"excerpt":{"rendered":"<p>En referencia a las \u00faltimas inauguraciones en comunidades del interior provincial, el subsecretario de Gesti\u00f3n Local del ministerio de la Comunidad, Miguel Insfr\u00e1n dijo que: \u201cel gobernador Gildo Insfran es un hombre que est\u00e1 al lado de su gente, sean originarioso criollos, sin distinci\u00f3n, trabajando los 365 d\u00edas del a\u00f1o, no como otros que solo [&hellip;]<\/p>\n","protected":false},"author":11,"featured_media":18498,"comment_status":"open","ping_status":"open","sticky":false,"template":"","format":"standard","meta":{"footnotes":""},"categories":[3],"tags":[],"class_list":["post-18489","post","type-post","status-publish","format-standard","has-post-thumbnail","hentry","category-politica-y-economia"],"_links":{"self":[{"href":"http:\/\/informeformosa.com.ar\/index.php?rest_route=\/wp\/v2\/posts\/18489","targetHints":{"allow":["GET"]}}],"collection":[{"href":"http:\/\/informeformosa.com.ar\/index.php?rest_route=\/wp\/v2\/posts"}],"about":[{"href":"http:\/\/informeformosa.com.ar\/index.php?rest_route=\/wp\/v2\/types\/post"}],"author":[{"embeddable":true,"href":"http:\/\/informeformosa.com.ar\/index.php?rest_route=\/wp\/v2\/users\/11"}],"replies":[{"embeddable":true,"href":"http:\/\/informeformosa.com.ar\/index.php?rest_route=%2Fwp%2Fv2%2Fcomments&post=18489"}],"version-history":[{"count":0,"href":"http:\/\/informeformosa.com.ar\/index.php?rest_route=\/wp\/v2\/posts\/18489\/revisions"}],"wp:featuredmedia":[{"embeddable":true,"href":"http:\/\/informeformosa.com.ar\/index.php?rest_route=\/wp\/v2\/media\/18498"}],"wp:attachment":[{"href":"http:\/\/informeformosa.com.ar\/index.php?rest_route=%2Fwp%2Fv2%2Fmedia&parent=18489"}],"wp:term":[{"taxonomy":"category","embeddable":true,"href":"http:\/\/informeformosa.com.ar\/index.php?rest_route=%2Fwp%2Fv2%2Fcategories&post=18489"},{"taxonomy":"post_tag","embeddable":true,"href":"http:\/\/informeformosa.com.ar\/index.php?rest_route=%2Fwp%2Fv2%2Ftags&post=18489"}],"curies":[{"name":"wp","href":"https:\/\/api.w.org\/{rel}","templated":true}]}}