{"id":18488,"date":"2017-09-30T19:18:35","date_gmt":"2017-09-30T22:18:35","guid":{"rendered":"http:\/\/informeformosa.com.ar\/?p=18488"},"modified":"2017-09-30T19:18:35","modified_gmt":"2017-09-30T22:18:35","slug":"piden-prorrogar-ley-de-emergencia-de-la-propiedad-comunitaria-indigena","status":"publish","type":"post","link":"http:\/\/informeformosa.com.ar\/?p=18488","title":{"rendered":"Piden prorrogar ley de emergencia  de la propiedad comunitaria ind\u00edgena"},"content":{"rendered":"<p>La Defensoria del Pueblo de la Provincia, solicit\u00f3 al Presidente de la C\u00e1mara de Diputados de la Naci\u00f3n,\u00a0 Emilio Monz\u00f3,\u00a0 se apruebe cuanto antes la pr\u00f3rroga por cuatro a\u00f1os de la Ley de Emergencia de la posesi\u00f3n de la propiedad Comunitaria Ind\u00edgena en atenci\u00f3n a que el Senado de la Naci\u00f3n ha aprobado por unanimidad que siga vigente esta normativa hasta noviembre del 2021, de manera que con esta norma no se podr\u00e1 permitir ni llevar a cabo ning\u00fan desalojo de tierras abor\u00edgenes en tanto y en cuanto se realicen los relevamientos de territorios habitados por Pueblos Originarios en todo el Pa\u00eds.<\/p>\n<p>El Ombudsman Provincial, Jos\u00e9 Leonardo Gialluca se\u00f1alo que en el a\u00f1o 2006 se aprob\u00f3 dicha normativa y como cl\u00e1usulas fundamentales se ordena suspender los desalojos durante el plazo que dure la emergencia, al tiempo que dispone la realizaci\u00f3n de un relevamiento t\u00e9cnico, jur\u00eddico y catastral de la situaci\u00f3n del dominio de las tierras habitadas por las comunidades ind\u00edgenas.<\/p>\n<p>Como el vencimiento de la ley estabaestablecido en noviembre pr\u00f3ximo, y existiendo territorios que no han sido relevados aun,\u00a0 Institucionalmente entendemos que es necesario el mayor plazo posible para que todas las acciones que a\u00fan faltan se lleven a cabo sin inconvenientes.<\/p>\n<p>Desde el Organismo de la Constituci\u00f3n se sostuvo que es fundamental de una vez por todas regularizar y dejar en claro todo lo que ata\u00f1e a las tierras que corresponden a nuestras Comunidades Originarias, pero este trabajo debe ser concretado en toda la Argentina sin que impliquen abusos o despojamientos, ya que siempre aparecen y m\u00e1s en los \u00faltimos tiempos tierras que no son tradicionalmente abor\u00edgenes y se las pretende declarar como tales, por ello es esencial esta pr\u00f3rroga por cuatro a\u00f1os y continuar trabajando en cada jurisdicci\u00f3n ya que en esto interviene por un lado el Estado Nacional y debe siempre respetarse y tenerse en cuenta las autonom\u00edas y antecedentes de los Estados Provinciales.<\/p>\n<p>Lo que si continuaremos manteniendo como postura primordial, es que no hay lugar en nuestro Pa\u00eds para la declaraci\u00f3n de autonom\u00eda de ciertas regiones, pues\u00a0 vivimos en una rep\u00fablica donde la Constituci\u00f3n y las Leyes son aplicables a todos y no tenemos ninguna clase de prerrogativas o fueros especiales en esta materia, con lo cual una vez finalizados los relevamientos no deber\u00edan producirse ninguna clase de disputas de hecho ni de derecho sobre las tierras comunitarias y ancestrales de los Originarios y todas aquellas pertenecientes a los criollos o al Estado Nacional, Provincial o Municipales.<\/p>\n","protected":false},"excerpt":{"rendered":"<p>La Defensoria del Pueblo de la Provincia, solicit\u00f3 al Presidente de la C\u00e1mara de Diputados de la Naci\u00f3n,\u00a0 Emilio Monz\u00f3,\u00a0 se apruebe cuanto antes la pr\u00f3rroga por cuatro a\u00f1os de la Ley de Emergencia de la posesi\u00f3n de la propiedad Comunitaria Ind\u00edgena en atenci\u00f3n a que el Senado de la Naci\u00f3n ha aprobado por unanimidad [&hellip;]<\/p>\n","protected":false},"author":11,"featured_media":18495,"comment_status":"open","ping_status":"open","sticky":false,"template":"","format":"standard","meta":{"footnotes":""},"categories":[6],"tags":[],"class_list":["post-18488","post","type-post","status-publish","format-standard","has-post-thumbnail","hentry","category-nacionales"],"_links":{"self":[{"href":"http:\/\/informeformosa.com.ar\/index.php?rest_route=\/wp\/v2\/posts\/18488","targetHints":{"allow":["GET"]}}],"collection":[{"href":"http:\/\/informeformosa.com.ar\/index.php?rest_route=\/wp\/v2\/posts"}],"about":[{"href":"http:\/\/informeformosa.com.ar\/index.php?rest_route=\/wp\/v2\/types\/post"}],"author":[{"embeddable":true,"href":"http:\/\/informeformosa.com.ar\/index.php?rest_route=\/wp\/v2\/users\/11"}],"replies":[{"embeddable":true,"href":"http:\/\/informeformosa.com.ar\/index.php?rest_route=%2Fwp%2Fv2%2Fcomments&post=18488"}],"version-history":[{"count":0,"href":"http:\/\/informeformosa.com.ar\/index.php?rest_route=\/wp\/v2\/posts\/18488\/revisions"}],"wp:featuredmedia":[{"embeddable":true,"href":"http:\/\/informeformosa.com.ar\/index.php?rest_route=\/wp\/v2\/media\/18495"}],"wp:attachment":[{"href":"http:\/\/informeformosa.com.ar\/index.php?rest_route=%2Fwp%2Fv2%2Fmedia&parent=18488"}],"wp:term":[{"taxonomy":"category","embeddable":true,"href":"http:\/\/informeformosa.com.ar\/index.php?rest_route=%2Fwp%2Fv2%2Fcategories&post=18488"},{"taxonomy":"post_tag","embeddable":true,"href":"http:\/\/informeformosa.com.ar\/index.php?rest_route=%2Fwp%2Fv2%2Ftags&post=18488"}],"curies":[{"name":"wp","href":"https:\/\/api.w.org\/{rel}","templated":true}]}}