{"id":18487,"date":"2017-09-30T19:16:03","date_gmt":"2017-09-30T22:16:03","guid":{"rendered":"http:\/\/informeformosa.com.ar\/?p=18487"},"modified":"2017-09-30T19:16:03","modified_gmt":"2017-09-30T22:16:03","slug":"plantean-a-la-fiscalia-federal-detencion-de-quienes-impiden-libre-transito-sobre-ruta-11","status":"publish","type":"post","link":"http:\/\/informeformosa.com.ar\/?p=18487","title":{"rendered":"Plantean a la Fiscal\u00eda Federal detenci\u00f3n de  quienes impiden libre tr\u00e1nsito sobre ruta 11"},"content":{"rendered":"<p>Adem\u00e1s del pedido formal de intervenci\u00f3n a la fuerza nacional de Gendarmer\u00eda Nacional para que dentro de sus competencias procedan a regular y liberar el tr\u00e1nsito de la Ruta Nacional 11 cortada a la altura del barrio Namqom por un grupo min\u00fasculo de manifestantes originarios, se interpuso por parte de la Defensoria del Pueblo en nombre y representaci\u00f3n de los usuarios que necesitan desplazarse libremente por dicha traza, una Denuncia Penal que recay\u00f3 en la Fiscal\u00eda Federal a cargo del Dr. Luis Ben\u00edtez.<\/p>\n<p>Desde el Organismo de la Constituci\u00f3n Provincial, se resalt\u00f3 la irracionalidad de esta medida que se reitera en el tiempo y donde los autores materiales son siempre los mismos, y reprocho la falta de accionar y de disuasi\u00f3n tanto de Gendarmer\u00eda Nacional como de la Justicia Federal que al menos puede tomar medidas jurisdiccionales urgentes, como es la citaci\u00f3n por la fuerza de los manifestantes para que expresen o manifiesten los motivos o causas que los lleva a cometer este delito.<\/p>\n<p>Es totalmente inaudito que una ruta como la Nacional N\u00ba 11 altamente transitada, y donde si bien existe un camino alternativo, el mismo no puede ser utilizado por diferentes veh\u00edculos entre ellos\u00a0 los de transporte de pasajeros, de cargas, los de combustible, los de gas y otros limit\u00e1ndose solamente a veh\u00edculos livianos, \u201cpara nosotros no significa una soluci\u00f3n afirmaron desde la Defensoria del Pueblo\u201d.<\/p>\n<p>Por ello, el Ombudsman Provincial, Jos\u00e9 Leonardo GIALLUCA pidi\u00f3 la detenci\u00f3n de estas personas y su procesamiento, en un contexto donde todos debemos cumplir obligaciones y derechos, no existiendo privilegios para nadie y en consecuencia \u201cno vamos a criminalizar las protestas sociales, pero s\u00ed vamos a denunciar todas aquellas manifestaciones que perjudiquen al resto mayoritario de la comunidad que necesita transitar libremente y que tiene que trabajar desplaz\u00e1ndose por las rutas nacionales, provinciales o caminos vecinales y para ello tenemos una Justicia Federal que debe actuar en consecuencia con la rapidez que implica, \u201cla burla por parte de estas personas a todo un sistema judicial y adem\u00e1s a toda nuestra comunidad , puesto que siempre se repite la misma historia y el que violenta nuestro C\u00f3digo Penal\u00a0 ni siquiera es identificado, entre tanto las fuerzas de seguridad en cada control exigen diferentes documentaciones a los propietarios de los veh\u00edculos o transportes que si no est\u00e1n al d\u00eda, inmediatamente son sancionados\u201d.<\/p>\n<p>Pedimos la intervenci\u00f3n del Ministerio de Seguridad de Naci\u00f3n, pero nunca da una orden Patricia Bulrich para que un corte de ruta nacional sea neutralizado y el famoso Protocolo de Actuaci\u00f3n de las Fuerzas de Seguridad del Estado en manifestaciones p\u00fablicas, \u00fanicamente se aplica a favor de la Ciudad de Buenos Aires, dejando al resto del pa\u00eds, librado a las injusticias y decisiones que adoptan personas que deben ser desalojados y privados de su libertad conforme lo establece nuestro C\u00f3digo Penal.<\/p>\n","protected":false},"excerpt":{"rendered":"<p>Adem\u00e1s del pedido formal de intervenci\u00f3n a la fuerza nacional de Gendarmer\u00eda Nacional para que dentro de sus competencias procedan a regular y liberar el tr\u00e1nsito de la Ruta Nacional 11 cortada a la altura del barrio Namqom por un grupo min\u00fasculo de manifestantes originarios, se interpuso por parte de la Defensoria del Pueblo en [&hellip;]<\/p>\n","protected":false},"author":11,"featured_media":17927,"comment_status":"open","ping_status":"open","sticky":false,"template":"","format":"standard","meta":{"footnotes":""},"categories":[21],"tags":[],"class_list":["post-18487","post","type-post","status-publish","format-standard","has-post-thumbnail","hentry","category-provinciales"],"_links":{"self":[{"href":"http:\/\/informeformosa.com.ar\/index.php?rest_route=\/wp\/v2\/posts\/18487","targetHints":{"allow":["GET"]}}],"collection":[{"href":"http:\/\/informeformosa.com.ar\/index.php?rest_route=\/wp\/v2\/posts"}],"about":[{"href":"http:\/\/informeformosa.com.ar\/index.php?rest_route=\/wp\/v2\/types\/post"}],"author":[{"embeddable":true,"href":"http:\/\/informeformosa.com.ar\/index.php?rest_route=\/wp\/v2\/users\/11"}],"replies":[{"embeddable":true,"href":"http:\/\/informeformosa.com.ar\/index.php?rest_route=%2Fwp%2Fv2%2Fcomments&post=18487"}],"version-history":[{"count":0,"href":"http:\/\/informeformosa.com.ar\/index.php?rest_route=\/wp\/v2\/posts\/18487\/revisions"}],"wp:featuredmedia":[{"embeddable":true,"href":"http:\/\/informeformosa.com.ar\/index.php?rest_route=\/wp\/v2\/media\/17927"}],"wp:attachment":[{"href":"http:\/\/informeformosa.com.ar\/index.php?rest_route=%2Fwp%2Fv2%2Fmedia&parent=18487"}],"wp:term":[{"taxonomy":"category","embeddable":true,"href":"http:\/\/informeformosa.com.ar\/index.php?rest_route=%2Fwp%2Fv2%2Fcategories&post=18487"},{"taxonomy":"post_tag","embeddable":true,"href":"http:\/\/informeformosa.com.ar\/index.php?rest_route=%2Fwp%2Fv2%2Ftags&post=18487"}],"curies":[{"name":"wp","href":"https:\/\/api.w.org\/{rel}","templated":true}]}}