{"id":18486,"date":"2017-09-30T19:13:34","date_gmt":"2017-09-30T22:13:34","guid":{"rendered":"http:\/\/informeformosa.com.ar\/?p=18486"},"modified":"2017-09-30T19:13:34","modified_gmt":"2017-09-30T22:13:34","slug":"recordo-el-gobernador-que-la-actual-gestion-cumplio-con-los-suenos-de-varias-generaciones","status":"publish","type":"post","link":"http:\/\/informeformosa.com.ar\/?p=18486","title":{"rendered":"Record\u00f3 el gobernador  que la actual gesti\u00f3n cumpli\u00f3 con los sue\u00f1os de  varias generaciones"},"content":{"rendered":"<p>Durante su participaci\u00f3n en sendos operativos solidarios \u201cPor nuestra gente, todo\u201d realizados en los barrios San Francisco y San Agust\u00edn de esta ciudad, el gobernador Gildo Insfran volvi\u00f3 a mostrar sus diferencias ideol\u00f3gicas con el gobierno nacional; se quejo porque se incumpli\u00f3 con las obras que estaban incluidas para Formosa en el presupuesto nacional y le pidi\u00f3 a la clase media que descrea de los mensajes de la prensa nacional \u201cporque no va a ser oligarca nunca\u201d.<\/p>\n<p>Adem\u00e1s, convoco a defender lo conquistado en los \u00faltimos a\u00f1os y record\u00f3 a la poblaci\u00f3n que su gesti\u00f3n y la del anterior gobierno nacional dieron respuesta y cumplieron con los sue\u00f1os de varias generaciones de formose\u00f1os.<\/p>\n<p>Marco claramente la gran diferencia a la oposici\u00f3n diciendo que su equipo mantiene la misma bandera desde hace a\u00f1os pero que desde el otro lado no pueden decir lo mismo.<\/p>\n<p>\u201cNo nos disfrazamos de nada, no nos cambiamos de color, no estamos con ictericia. Cambian de colores, como el camale\u00f3n, de acuerdo a la ocasi\u00f3n\u201d, expuso, para se\u00f1alarles que \u201csi a nosotros nos conf\u00edan algo, est\u00e9n seguro que esa confianza ser\u00e1 devuelta en hechos concretos para que ustedes vivan cada vez mejor\u201d, declar\u00f3.<\/p>\n<p>Tuvo referencias cr\u00edticas para dirigentes de la oposici\u00f3n que ante el proceso electoral \u201cse sacan fotos con un ministro del gabinete nacional mostr\u00e1ndose preocupado por obras para la provincia\u201d, objet\u00e1ndoles la actitud porque no asumieron ese reclamo con anterioridad ya que hace dos a\u00f1os que se viene repitiendo el incumplimiento del mismo modo que con la desconsideraci\u00f3n con Formosa al no transferir un solo peso correspondiente a los aportes del tesoro nacional.<\/p>\n<p>Ahora como estamos en proceso electoral quieren abrazarse a esas obras y dicen que las van hacer. En el presupuesto 2018 van hacer lo mismo, nos van a poner en el presupuesto y despu\u00e9s no nos van a dar. Ojal\u00e1 me equivoque, pero hace dos a\u00f1os que nos hicieron lo mismo, no nos han mandado un solo centavo para llevar adelante las obras, siquiera la licitaron\u201d.<\/p>\n<p>Les ratifico a los vecinos que ese sector de la ciudad ser\u00e1 un lugar privilegiado con atractivos a partir de la avenida Ribere\u00f1a. \u201cTodas las calles del barrio se enripiar\u00e1n y prontamente se iniciara la repavimentaci\u00f3n de la avenida Teniente Massaferro\u201d, anuncio.<\/p>\n<p>En sus mensajes, hubo exhortaciones a los vecinos para que asuman sus responsabilidades y act\u00faen conjuntamente con el municipio capitalino para evitar situaciones que damnifican el medio ambiente, tal lo observado en el barrio San Agust\u00edn donde se arroja basura detr\u00e1s de las barreras de defensa con el riesgo que ello implica para la salubridad del conjunto de los habitantes de la ciudad al ser transportadas hacia el riacho y el r\u00edo.<\/p>\n<p>Ante inquietudes sobre la titularizaci\u00f3n de los predios que habitan, les pidi\u00f3 paciencia con el compromiso de responder a esa solicitud sin dejar de recordar que fue su gobierno el que logro que esos terrenos que estaban en situaci\u00f3n irregular pudiesen garantizarles la tranquilidad de que podr\u00edan establecerse all\u00ed\u00a0 con sus familias.<\/p>\n<p>Aqu\u00ed Insfran record\u00f3 otra de las moras del gobierno nacional con Formosa que no cumpli\u00f3 con la construcci\u00f3n de la planta de tratamiento de residuos para esta capital tras dejar sin efecto obras similares acordadas por el gobierno anterior con otras cinco localidades del interior, las que tienen asignadas financiamiento internacional.<\/p>\n<p>&nbsp;<\/p>\n<p><strong>Quedan m\u00e1s obras<\/strong><\/p>\n<p>&nbsp;<\/p>\n<p>Con respecto a la gesti\u00f3n provincial, el gobernador dijo que quedan muchas obras por inaugurar a lo largo y ancho de la provincia, pero por las obligaciones del cronograma electoral se\u00f1alan que hasta este viernes 6 de octubre se podr\u00e1 llevar a cabo ese tr\u00e1mite tras lo cual todo quedara referido a actividades de proselitismo pol\u00edtico, no obstante lo cual anticipo que las habilitaciones proseguir\u00e1n despu\u00e9s de las elecciones del domingo 22.<\/p>\n<p>\u201cFaltando 22 d\u00edas, les vengo a decir que tenemos que recorrer casa por casa para hablar con todos los vecinos y hacerles entender, fundamentalmente a los de la clase media,\u00a0 que se dejan influenciar por los mensajes de la prensa monop\u00f3lica de la Capital Federal, que no se crea oligarca, porque no va a ser oligarca nunca\u2026\u2026que se crean formose\u00f1a y de clase media\u201d, expreso.<\/p>\n<p>Complementando ese concepto, Insfran opino que \u201cese ascenso social solamente se consigue cuando hay un gobierno nacional y popular que distribuye la riqueza porque cuando hay gobierno nacional como el actual que la concentra, van a dejar de ser clase media\u201d.<\/p>\n<p>&nbsp;<\/p>\n<p><strong>Defender lo hecho<\/strong><\/p>\n<p>&nbsp;<\/p>\n<p>\u201cLo \u00fanico que queremos es, al menos,\u00a0 defender lo que hemos conquistado y dar peque\u00f1os pasos de avance\u201d, subrayo para insistir en que se debe tomar conciencia acerca de esa situaci\u00f3n e instar a que \u201cno crean en los globitos o en las estad\u00edsticas que se\u00f1alan que todo marcha bien tal como lo describen todos los indicadores que publican en los diarios\u201d, insisti\u00f3.<\/p>\n<p>\u201cPero no dicen- acoto- que si un pa\u00eds tiene que endeudarse para pagar d\u00e9ficit, no tiene futuro porque si bien es cierto que se consiguen prestamos hay que pagarlos y si el PBI disminuye y la balanza comercial es negativa hay que preguntarse de donde van a salir los d\u00f3lares para hacer frente a esas deudas contra\u00eddas\u201d.<\/p>\n<p>Ante ese cuadro, anticipa que \u201cse ir\u00e1n recortando todos los programas sociales y seguir\u00e1n as\u00ed hasta que tambi\u00e9n eso resulte insuficiente por lo que, con la aclaraci\u00f3n que no quiere que se lo considere \u201cbicho mal ag\u00fcero\u201d, pero que resulta necesario tomar conciencia de la situaci\u00f3n que se vive.<\/p>\n<p>&nbsp;<\/p>\n<p><strong>Posturas en el PJ<\/strong><\/p>\n<p>&nbsp;<\/p>\n<p>\u201cHay compa\u00f1eros que dicen que no hay que confrontar; pero yo no entiendo la pol\u00edtica de otra manera porque justamente se trata de la confrontaci\u00f3n de ideas y nosotros estamos confrontando con el gobierno nacional porque no estamos de acuerdo con\u00a0 la ideolog\u00eda que tiene para llevar adelante la pol\u00edtica\u201d, resalto.<\/p>\n<p>Por esa raz\u00f3n, formulo \u201cun llamado a la reflexi\u00f3n\u00a0 a los compa\u00f1eros a nivel nacional para que no se \u201capichonen\u201d ni entreguen nuestras banderas de este movimiento que ha surgido para defender a los que menos tienen\u2026no puede ser que tengamos miedo a esta altura para defender las banderas por las que muchos compa\u00f1eros entregaron sus vidas y nosotros \u00bf no vamos a ser capaces de imitarlos para defenderlas?\u201d.<\/p>\n<p>En el plano local, el mandatario demando un compromiso: \u201csalgamos de ac\u00e1 para que hablemos y demos toda las discusi\u00f3n que sea necesario; para eso hay que escuchar para determinar cu\u00e1l es el problema y analizar entre nosotros para recrear las respuestas, porque nuestro gobierno y el nacional que antecedi\u00f3 al actual nos ha permitido dar muchas respuestas a sue\u00f1os de varias generaciones de formose\u00f1os y no tenemos derecho a entregar tan f\u00e1cilmente todo lo que hemos construido hasta ahora\u201d.<\/p>\n<p>&nbsp;<\/p>\n<p><strong>Mensaje a los j\u00f3venes<\/strong><\/p>\n<p><strong>\u00a0<\/strong><\/p>\n<p>En sus alocuciones, el jefe del PEP agradeci\u00f3 el compromiso demostrado en la acci\u00f3n militantes y solidaria por los j\u00f3venes de la Federaci\u00f3n de Centros de Estudiantes Secundarios\u00a0 y pondero la claridad conceptual de los j\u00f3venes que hablaron en los dos barrios por lo que descuenta que con ese protagonismo de las nuevas generaciones a Formosa le aguarda un futuro venturoso.<\/p>\n<p>Aludi\u00f3 a que como vive en el Emilio Tomas es vecino del San Agust\u00edn y ve pasar frente a su casa a muchos j\u00f3venes en direcci\u00f3n a la disco bailable \u201cBambu\u201d, al tiempo de revalorizar el rol que le cabe la generaci\u00f3n juvenil.<\/p>\n<p>En el San Francisco justamente destaco las reflexiones de Natalia, dirigente de la federaci\u00f3n que nuclea estudiantes secundarios, entendiendo que si los j\u00f3venes piensan de la misma manera que ella que destaco todo modelo pol\u00edtico que tienen al ser humano como centro de sus acciones, Formosa tiene un futuro promisorio<\/p>\n<p>Insisto a los j\u00f3venes a formarse y discutir en el marco del respeto y no las descalificaciones<\/p>\n<p>Disinti\u00f3 a quienes se\u00f1alan que estos no saben hacer nada, y renov\u00f3 su exhortaci\u00f3n a que \u201chagan cosas, adquieran experiencia, y eso no llega esperando que pasen los a\u00f1os de brazos cruzados\u201d, para humor\u00edsticamente afirmar que \u201ces mejor ser un viejo sabio que un viejo choto\u201d.<\/p>\n","protected":false},"excerpt":{"rendered":"<p>Durante su participaci\u00f3n en sendos operativos solidarios \u201cPor nuestra gente, todo\u201d realizados en los barrios San Francisco y San Agust\u00edn de esta ciudad, el gobernador Gildo Insfran volvi\u00f3 a mostrar sus diferencias ideol\u00f3gicas con el gobierno nacional; se quejo porque se incumpli\u00f3 con las obras que estaban incluidas para Formosa en el presupuesto nacional y [&hellip;]<\/p>\n","protected":false},"author":11,"featured_media":18492,"comment_status":"open","ping_status":"open","sticky":false,"template":"","format":"standard","meta":{"footnotes":""},"categories":[12],"tags":[],"class_list":["post-18486","post","type-post","status-publish","format-standard","has-post-thumbnail","hentry","category-salud"],"_links":{"self":[{"href":"http:\/\/informeformosa.com.ar\/index.php?rest_route=\/wp\/v2\/posts\/18486","targetHints":{"allow":["GET"]}}],"collection":[{"href":"http:\/\/informeformosa.com.ar\/index.php?rest_route=\/wp\/v2\/posts"}],"about":[{"href":"http:\/\/informeformosa.com.ar\/index.php?rest_route=\/wp\/v2\/types\/post"}],"author":[{"embeddable":true,"href":"http:\/\/informeformosa.com.ar\/index.php?rest_route=\/wp\/v2\/users\/11"}],"replies":[{"embeddable":true,"href":"http:\/\/informeformosa.com.ar\/index.php?rest_route=%2Fwp%2Fv2%2Fcomments&post=18486"}],"version-history":[{"count":0,"href":"http:\/\/informeformosa.com.ar\/index.php?rest_route=\/wp\/v2\/posts\/18486\/revisions"}],"wp:featuredmedia":[{"embeddable":true,"href":"http:\/\/informeformosa.com.ar\/index.php?rest_route=\/wp\/v2\/media\/18492"}],"wp:attachment":[{"href":"http:\/\/informeformosa.com.ar\/index.php?rest_route=%2Fwp%2Fv2%2Fmedia&parent=18486"}],"wp:term":[{"taxonomy":"category","embeddable":true,"href":"http:\/\/informeformosa.com.ar\/index.php?rest_route=%2Fwp%2Fv2%2Fcategories&post=18486"},{"taxonomy":"post_tag","embeddable":true,"href":"http:\/\/informeformosa.com.ar\/index.php?rest_route=%2Fwp%2Fv2%2Ftags&post=18486"}],"curies":[{"name":"wp","href":"https:\/\/api.w.org\/{rel}","templated":true}]}}