{"id":18473,"date":"2017-09-30T18:57:52","date_gmt":"2017-09-30T21:57:52","guid":{"rendered":"http:\/\/informeformosa.com.ar\/?p=18473"},"modified":"2017-09-30T18:57:52","modified_gmt":"2017-09-30T21:57:52","slug":"democrataprogresistas-ratifican-alianza-con-el-frente-de-la-victoria","status":"publish","type":"post","link":"http:\/\/informeformosa.com.ar\/?p=18473","title":{"rendered":"Dem\u00f3crataprogresistas ratifican alianza con el Frente de la Victoria"},"content":{"rendered":"<p>El presidente del Partido Dem\u00f3crata Progresista (PDP) en la provincia, Seraf\u00edn Cosenza, ratifico el apoyo a la gesti\u00f3n del gobernador Gildo Insfran y ser parte de la alianza Frente de la Victoria de cara a los comicios legislativos de medio t\u00e9rmino del 22 de octubre venidero.<\/p>\n<p>\u201cEl PDP defiende el principio de autonom\u00eda en cada distrito del pa\u00eds, y aspectos vinculados a las alianzas lo resolvemos en el seno de la junta partidaria. Ello a partir del criterio y fundamentos pol\u00edticos que se decidi\u00f3 tiempo atr\u00e1s y nos llevo a reafirmar nuestro compromiso de ser parte de este proyecto de provincia que tienen al gobernador Gildo Insfran con su conductor y ejecutor\u201d, expuso.<\/p>\n<p>Expuso que \u201cla dirigencia de nuestro movimiento es soberano y no necesitamos que nadie nos diga c\u00f3mo tenemos que pensar o actuar\u201d, subrayando que \u201chace muchos a\u00f1os que venimos formando parte del Frente de la Victoria en todo el distrito electoral Formosa, incluso somos parte del gobierno con dirigentes capaces y comprometidos, desempe\u00f1\u00e1ndose en funciones de suma relevancia a partir de ser responsables en las pol\u00edticas socio-econ\u00f3micas\u201d.<\/p>\n<p>Tras ratificar el apoyo a la gesti\u00f3n Insfran, a la pertenencia al FdV, destaco que \u201cse nos consulta permanente en torno al dise\u00f1o de la estrategia electoral en distintos \u00f3rdenes\u201d, se\u00f1alando que \u201ccomo en otras elecciones, tambi\u00e9n en las pr\u00f3ximas tenemos nuestros propios candidatos a concejales en el sub-lema que representa a los democrataprogresistas\u201d.<\/p>\n<p>Cosenza defendi\u00f3 la representatividad partidaria y se mostro optimista en sus aspiraciones a poner en pr\u00e1ctica los ideales, principios y programas que forman parte del compromiso a favor de las generaciones futuras desde su movimiento.<\/p>\n<p>Indico que el PDP tiene una trayectoria de m\u00e1s de un siglo en la vida pol\u00edtica del pa\u00eds, y en todo este desandar \u201cnos ha caracterizado el\u00a0 \u00e1nimo democr\u00e1tico y la defensa irrestricta a la institucionalidad argentina\u201d, y que en las \u201cdeclaraciones de principios y bases de acci\u00f3n pol\u00edtica encuentra las coincidencias con el modelo formose\u00f1o que conduce el doctor (Gildo) Insfran en el car\u00e1cter \u201cnacional y popular, en los ideales de tener al hombre y la mujer como centro de todas las acciones\u201d.<\/p>\n<p>\u201cEstablecer la debida proporci\u00f3n entre desarrollo econ\u00f3mico, progreso social y cultura popular, sobre la base de una estructura fundada en la plena ocupaci\u00f3n, la \u00f3ptima productividad y la justa distribuci\u00f3n de la riqueza, conforman algunos de los principios que fundan esta alianza con el Partido Justicialista de Formosa\u201d, expuso concluyente.<\/p>\n","protected":false},"excerpt":{"rendered":"<p>El presidente del Partido Dem\u00f3crata Progresista (PDP) en la provincia, Seraf\u00edn Cosenza, ratifico el apoyo a la gesti\u00f3n del gobernador Gildo Insfran y ser parte de la alianza Frente de la Victoria de cara a los comicios legislativos de medio t\u00e9rmino del 22 de octubre venidero. \u201cEl PDP defiende el principio de autonom\u00eda en cada [&hellip;]<\/p>\n","protected":false},"author":11,"featured_media":18480,"comment_status":"open","ping_status":"open","sticky":false,"template":"","format":"standard","meta":{"footnotes":""},"categories":[3],"tags":[],"class_list":["post-18473","post","type-post","status-publish","format-standard","has-post-thumbnail","hentry","category-politica-y-economia"],"_links":{"self":[{"href":"http:\/\/informeformosa.com.ar\/index.php?rest_route=\/wp\/v2\/posts\/18473","targetHints":{"allow":["GET"]}}],"collection":[{"href":"http:\/\/informeformosa.com.ar\/index.php?rest_route=\/wp\/v2\/posts"}],"about":[{"href":"http:\/\/informeformosa.com.ar\/index.php?rest_route=\/wp\/v2\/types\/post"}],"author":[{"embeddable":true,"href":"http:\/\/informeformosa.com.ar\/index.php?rest_route=\/wp\/v2\/users\/11"}],"replies":[{"embeddable":true,"href":"http:\/\/informeformosa.com.ar\/index.php?rest_route=%2Fwp%2Fv2%2Fcomments&post=18473"}],"version-history":[{"count":0,"href":"http:\/\/informeformosa.com.ar\/index.php?rest_route=\/wp\/v2\/posts\/18473\/revisions"}],"wp:featuredmedia":[{"embeddable":true,"href":"http:\/\/informeformosa.com.ar\/index.php?rest_route=\/wp\/v2\/media\/18480"}],"wp:attachment":[{"href":"http:\/\/informeformosa.com.ar\/index.php?rest_route=%2Fwp%2Fv2%2Fmedia&parent=18473"}],"wp:term":[{"taxonomy":"category","embeddable":true,"href":"http:\/\/informeformosa.com.ar\/index.php?rest_route=%2Fwp%2Fv2%2Fcategories&post=18473"},{"taxonomy":"post_tag","embeddable":true,"href":"http:\/\/informeformosa.com.ar\/index.php?rest_route=%2Fwp%2Fv2%2Ftags&post=18473"}],"curies":[{"name":"wp","href":"https:\/\/api.w.org\/{rel}","templated":true}]}}