{"id":18418,"date":"2017-09-28T19:19:34","date_gmt":"2017-09-28T22:19:34","guid":{"rendered":"http:\/\/informeformosa.com.ar\/?p=18418"},"modified":"2017-09-28T19:19:34","modified_gmt":"2017-09-28T22:19:34","slug":"ziessenis-destaco-el-alto-impacto-de-la-politica-local-en-familias-productoras","status":"publish","type":"post","link":"http:\/\/informeformosa.com.ar\/?p=18418","title":{"rendered":"Ziessenis destaco el alto impacto de la  pol\u00edtica local en familias productoras"},"content":{"rendered":"<p>El director titular de la Federaci\u00f3n Agraria Argentina, responsable del NEA, Rolando Ziessenis, se mostro muy preocupado por la crisis de las econom\u00edas regionales ante contingencias clim\u00e1ticas y falta de pol\u00edticas nacionales a favor del sector. Aqu\u00ed diferencio sobre las estrategias del estado provincial, sobre todo en sus enormes esfuerzos a favor de los productores locales, especialmente el segmento de peque\u00f1os y medianos.<\/p>\n<p>Ziessenis reivindic\u00f3 el rol de la Federaci\u00f3n Agraria Argentina (FAA) en la defensa del peque\u00f1o y mediano productor fundamentalmente en el interior del pa\u00eds. Tambi\u00e9n, felicit\u00f3 Omar Pr\u00edncipe por ser reelegido en la conducci\u00f3n de la FAA.<\/p>\n<p>Expuso que \u201cel objetivo de la Federaci\u00f3n es la defensa del mediano productor en las econom\u00edas regionales. Aunque en los \u00faltimos a\u00f1os sufrimos la falta de respuestas del Gobierno Nacional a los planteos que llevamos adelante FAA de contar con un tratamiento diferencial de las econom\u00edas regionales\u201d.<\/p>\n<p>Detall\u00f3 que \u201cla Pampa Ha\u00fameda est\u00e1 produciendo mucho, tiene un productor que est\u00e1 en mejor condici\u00f3n que las econom\u00edas regionales, siempre decimos que no todo el campo es lo mismo ni todos los productores est\u00e1n en la misma condici\u00f3n\u201d.<\/p>\n<p>Contin\u00fao resaltando las diferencias entre las regiones \u201cestamos ante la presencia de productores de alta productividad con cercan\u00eda del puerto y bajos costos en los fletes que est\u00e1n totalmente en diferente situaci\u00f3n a los productores de las econom\u00edas regionales o de las provincias extra pampeanas\u201d.<\/p>\n<p>Resumi\u00f3 que \u201cde ah\u00ed nace nuestra preocupaci\u00f3n como entidad, nuestro inter\u00e9s que estas pol\u00edticas se modifiquen en todos los aspectos: financieros, impositivo, en la promoci\u00f3n y defensa de lo que produce las econom\u00edas regionales (como algod\u00f3n, yerba mate, te, uva, pera, manzana) que en este momento est\u00e1n pasando un momento muy cr\u00edtico\u201d.<\/p>\n<p>Advirti\u00f3 que \u201cnuestro mediano y peque\u00f1o productor de las econom\u00edas regionales est\u00e1n atravesando una crisis muy profunda; por un lado, por las emergencias clim\u00e1ticas que ha tenido, y por otro, la falta de pol\u00edticas nacionales que lleven a modificar esa situaci\u00f3n y nos permita que el productor se quede en el campo\u201d.<\/p>\n<p>&nbsp;<\/p>\n<p>Pol\u00edticas provinciales<\/p>\n<p>&nbsp;<\/p>\n<p>Siguiendo esa l\u00ednea, diferenci\u00f3 el gobierno nacional del local y recalc\u00f3 que \u201cen Formosa el gobierno hace mucho esfuerzo econ\u00f3mico para sostener las producciones que son de nuestra provincia como es el algod\u00f3n, banana, tomate, toda la producci\u00f3n frutihort\u00edcola como tambi\u00e9n la ganadera. Sabemos que sus recursos no le permiten afrontar con la misma fuerza que si nosotros tendr\u00edamos una pol\u00edtica estructurada hacia estas regiones\u201d.<\/p>\n<p>Destac\u00f3 las pol\u00edticas locales volcadas a favor del productor, \u201cvaloramos el rol de las planchadas, del FONFIPRO y podemos decir que estamos arreglando las cuentas de los productores para que se pongan al d\u00eda. Ellos tuvieron que atravesar la emergencia y acordamos con todos para cumplir con los vencimientos, refinanciando y estableciendo nuevos plazos\u201d.<\/p>\n<p>\u201cVemos que hay una pol\u00edtica para sostener al productor en la provincia, nosotros la valoramos y rescatamos siempre pero pedimos que este fortalecido y respaldado por una pol\u00edtica en el orden nacional, a trav\u00e9s del cumplimiento con la emergencias agropecuarias. Que llegue el famoso financiamiento del 5% de la soja, a nuestros productores en forma directa por el momento que est\u00e1 atravesando\u201d, puntualiz\u00f3.<\/p>\n<p>Finalizo destacando los importantes proyectos para la familia del campo, se\u00f1alando aqu\u00ed las obras de electrificaci\u00f3n rural que \u201cson muy importantes en la provincia para distintas zonas productivas que no ten\u00edan electricidad, que es un elemento b\u00e1sico para el desarrollo de un productor, para acceder al bienestar\u201d. Tambi\u00e9n, resalt\u00f3 que \u201cse est\u00e1n reparando los caminos, vemos el esfuerzo que hizo vialidad provincial, valoramos y creemos que son pasos que se dan desde el esfuerzo provincial para mantener y darles a las escuelas rurales y los productores un bienestar y pueda acceder a una mejor vida\u201d.<\/p>\n","protected":false},"excerpt":{"rendered":"<p>El director titular de la Federaci\u00f3n Agraria Argentina, responsable del NEA, Rolando Ziessenis, se mostro muy preocupado por la crisis de las econom\u00edas regionales ante contingencias clim\u00e1ticas y falta de pol\u00edticas nacionales a favor del sector. Aqu\u00ed diferencio sobre las estrategias del estado provincial, sobre todo en sus enormes esfuerzos a favor de los productores [&hellip;]<\/p>\n","protected":false},"author":11,"featured_media":18422,"comment_status":"open","ping_status":"open","sticky":false,"template":"","format":"standard","meta":{"footnotes":""},"categories":[13],"tags":[],"class_list":["post-18418","post","type-post","status-publish","format-standard","has-post-thumbnail","hentry","category-produccion"],"_links":{"self":[{"href":"http:\/\/informeformosa.com.ar\/index.php?rest_route=\/wp\/v2\/posts\/18418","targetHints":{"allow":["GET"]}}],"collection":[{"href":"http:\/\/informeformosa.com.ar\/index.php?rest_route=\/wp\/v2\/posts"}],"about":[{"href":"http:\/\/informeformosa.com.ar\/index.php?rest_route=\/wp\/v2\/types\/post"}],"author":[{"embeddable":true,"href":"http:\/\/informeformosa.com.ar\/index.php?rest_route=\/wp\/v2\/users\/11"}],"replies":[{"embeddable":true,"href":"http:\/\/informeformosa.com.ar\/index.php?rest_route=%2Fwp%2Fv2%2Fcomments&post=18418"}],"version-history":[{"count":0,"href":"http:\/\/informeformosa.com.ar\/index.php?rest_route=\/wp\/v2\/posts\/18418\/revisions"}],"wp:featuredmedia":[{"embeddable":true,"href":"http:\/\/informeformosa.com.ar\/index.php?rest_route=\/wp\/v2\/media\/18422"}],"wp:attachment":[{"href":"http:\/\/informeformosa.com.ar\/index.php?rest_route=%2Fwp%2Fv2%2Fmedia&parent=18418"}],"wp:term":[{"taxonomy":"category","embeddable":true,"href":"http:\/\/informeformosa.com.ar\/index.php?rest_route=%2Fwp%2Fv2%2Fcategories&post=18418"},{"taxonomy":"post_tag","embeddable":true,"href":"http:\/\/informeformosa.com.ar\/index.php?rest_route=%2Fwp%2Fv2%2Ftags&post=18418"}],"curies":[{"name":"wp","href":"https:\/\/api.w.org\/{rel}","templated":true}]}}