{"id":18408,"date":"2017-09-28T19:09:28","date_gmt":"2017-09-28T22:09:28","guid":{"rendered":"http:\/\/informeformosa.com.ar\/?p=18408"},"modified":"2017-09-28T19:12:09","modified_gmt":"2017-09-28T22:12:09","slug":"liberan-corte-de-la-ruta-nacional-11","status":"publish","type":"post","link":"http:\/\/informeformosa.com.ar\/?p=18408","title":{"rendered":"Liberan corte de la ruta nacional 11"},"content":{"rendered":"<p>Desde la Defensor\u00eda del Pueblo se indico que ante la denuncia presentada a la Fiscal\u00eda Federal 2 a cargo del doctor Luis Ben\u00edtez ante el corte sobre la ruta nacional 11, por el delito previsto y reprimido por el art\u00edculo 194 del CPA, se dio origen al expediente correspondiente y se emiti\u00f3 un autointerlocutorio mediante el cual se solicit\u00f3 disponer la liberaci\u00f3n de la traza a la altura del barrio Namqom, se produjo el fin de la medida que imped\u00eda la normal circulaci\u00f3n sobre la traza.<\/p>\n<p>Explico el Defensor Jose Gialluca que en este lugar se desarrollaba la manifestaci\u00f3n, y que\u00a0 conforme al protocolo de actuaci\u00f3n de las fuerzas de seguridad del Estado en manifestaciones p\u00fablicas, con estricto respeto de los derechos humanos de los originarios, se solicito adem\u00e1s la intervenci\u00f3n del ministerio de Seguridad de la Naci\u00f3n a efectos que tome los recaudos necesarios con las fuerzas de seguridad tendientes a garantizar la libre circulaci\u00f3n del corredor vial aludido, ordenando a las autoridades de la Agrupaci\u00f3n VI de Gendarmer\u00eda Nacional , designe a personal de la instituci\u00f3n que deber\u00e1 realizar y asistir a la liberaci\u00f3n de la calzada.<\/p>\n<p>El Ombudsman Gialluca, se\u00f1al\u00f3 que \u201cesta decisi\u00f3n del Fiscal Federal Luis Ben\u00edtez, sienta un precedente \u00fanico en lo que respecta a los cortes de rutas en nuestra provincia y por fin se interpreta y aplica la ley como corresponde\u201d.<\/p>\n<p>Posteriormente, la Secretaria Penal a cargo de la doctora Mar\u00eda Bel\u00e9n L\u00f3pez Mac\u00e9 instruyo Causa Criminal contra An\u00edbal Mendoza, Adam Pellegrini, Agripina Tolosa y Marcelino Gonz\u00e1lez, cit\u00e1ndolos a prestar declaraci\u00f3n indagatoria a los mismos para el pr\u00f3ximo mi\u00e9rcoles 12 de octubre, previa designaci\u00f3n de abogado defensor y al mismo tiempo fij\u00f3 una audiencia con los referentes del corte en el Juzgado Federal 2.<\/p>\n<p>De esta manera el comandante Suarez, de la Agrupaci\u00f3n VI de Gendarmer\u00eda Nacional se constituy\u00f3 en horas del mediod\u00eda junto al Defensor del Pueblo en el corte de ruta, y ante el pedido de los manifestantes de la necesidad de hablar con el presidente del ICA, Esteban Ram\u00edrez, se procedi\u00f3 a trasladar a los ciudadanos designados hasta el organismo provincial antes citado; \u201cliber\u00e1ndose en ese acto media calzada, lo que comenz\u00f3 a descongestionar el tr\u00e1nsito, m\u00e1xime ante la imposibilidad de la utilizaci\u00f3n del camino alternativo por las condiciones clim\u00e1ticas reinantes\u201d. \u00cdnterin la Defensor\u00eda del Pueblo representada por su Defensora Adjunta la doctora Sylvina Portillo y la secretaria general, Mariela C\u00e1ceres, labraron un acta que fue suscripta por todas las partes a los fines de tomar vista de una denuncia penal en el fuero ordinario por da\u00f1os contra un veh\u00edculo policial y otros delitos, en el que est\u00e1n involucrados algunos de los reclamantes.<\/p>\n<p>Posteriormente y luego de un prolongado intercambio de conceptos el cual se extendi\u00f3 mas all\u00e1 de las 15 sobre las pretensiones y posturas de los originarios del barrio Namqom, todo lo cual se dej\u00f3 constancia en las actas respectivas; se decidi\u00f3 dejar sin efecto la medida y en consecuencia proceder a \u00a0la liberaci\u00f3n total de la Ruta Nacional 11.<\/p>\n<p>&nbsp;<\/p>\n<p>&nbsp;<\/p>\n<p>&nbsp;<\/p>\n<p>&nbsp;<\/p>\n<p>&nbsp;<\/p>\n","protected":false},"excerpt":{"rendered":"<p>Desde la Defensor\u00eda del Pueblo se indico que ante la denuncia presentada a la Fiscal\u00eda Federal 2 a cargo del doctor Luis Ben\u00edtez ante el corte sobre la ruta nacional 11, por el delito previsto y reprimido por el art\u00edculo 194 del CPA, se dio origen al expediente correspondiente y se emiti\u00f3 un autointerlocutorio mediante [&hellip;]<\/p>\n","protected":false},"author":11,"featured_media":18413,"comment_status":"open","ping_status":"open","sticky":false,"template":"","format":"standard","meta":{"footnotes":""},"categories":[21],"tags":[],"class_list":["post-18408","post","type-post","status-publish","format-standard","has-post-thumbnail","hentry","category-provinciales"],"_links":{"self":[{"href":"http:\/\/informeformosa.com.ar\/index.php?rest_route=\/wp\/v2\/posts\/18408","targetHints":{"allow":["GET"]}}],"collection":[{"href":"http:\/\/informeformosa.com.ar\/index.php?rest_route=\/wp\/v2\/posts"}],"about":[{"href":"http:\/\/informeformosa.com.ar\/index.php?rest_route=\/wp\/v2\/types\/post"}],"author":[{"embeddable":true,"href":"http:\/\/informeformosa.com.ar\/index.php?rest_route=\/wp\/v2\/users\/11"}],"replies":[{"embeddable":true,"href":"http:\/\/informeformosa.com.ar\/index.php?rest_route=%2Fwp%2Fv2%2Fcomments&post=18408"}],"version-history":[{"count":0,"href":"http:\/\/informeformosa.com.ar\/index.php?rest_route=\/wp\/v2\/posts\/18408\/revisions"}],"wp:featuredmedia":[{"embeddable":true,"href":"http:\/\/informeformosa.com.ar\/index.php?rest_route=\/wp\/v2\/media\/18413"}],"wp:attachment":[{"href":"http:\/\/informeformosa.com.ar\/index.php?rest_route=%2Fwp%2Fv2%2Fmedia&parent=18408"}],"wp:term":[{"taxonomy":"category","embeddable":true,"href":"http:\/\/informeformosa.com.ar\/index.php?rest_route=%2Fwp%2Fv2%2Fcategories&post=18408"},{"taxonomy":"post_tag","embeddable":true,"href":"http:\/\/informeformosa.com.ar\/index.php?rest_route=%2Fwp%2Fv2%2Ftags&post=18408"}],"curies":[{"name":"wp","href":"https:\/\/api.w.org\/{rel}","templated":true}]}}