{"id":18403,"date":"2017-09-28T19:13:32","date_gmt":"2017-09-28T22:13:32","guid":{"rendered":"http:\/\/informeformosa.com.ar\/?p=18403"},"modified":"2017-09-28T19:15:49","modified_gmt":"2017-09-28T22:15:49","slug":"ibanez-dijo-que-se-busca-elevar-la-calidad-de-vida-del-productor-rural","status":"publish","type":"post","link":"http:\/\/informeformosa.com.ar\/?p=18403","title":{"rendered":"Ib\u00e1\u00f1ez dijo que se busca elevar la calidad de vida del productor rural"},"content":{"rendered":"<p>El ministro de Econom\u00eda, doctor Jorge Oscar Ib\u00e1\u00f1ez, fue el encargado de aludir al impacto favorable que tendr\u00e1n en todas las zonas rurales a partir de un eje norte-sur con epicentro en la ruta 95 y con alcances hacia el este hasta el r\u00edo Paraguay las obras de electrificaci\u00f3n cuya primera etapa- de las tres planificadas-\u00a0 cuyas ofertas se conocieron en el acto llevad a cabo este jueves al mediod\u00eda y que forman parte del Plan de Desarrollo El\u00e9ctrico Provincial concebido por el gobernador Gildo Insfran.<\/p>\n<p>El funcionario se\u00f1alo que este emprendimiento genera equidad territorial e igualdad de oportunidades en el interior profundo de Formosa y que fue presentado para su financiamiento por parte del Banco Interamericano de Desarrollo\u00a0 con el objetivo de elevar la calidad de vida del productor rural y su familia en un \u00e1mbito que otrora fuese atendido por cooperativas y que ahora toma a su cargo el gobierno provincial para hacer posible las inversiones necesarias para repotenciar y construir las l\u00edneas nuevas que hacen falta y el reemplazo de las que ya cayeron en desgaste.<\/p>\n<p>Resalto que sin las construcciones que el gobierno provincial llevo a cabo en estos siete a\u00f1os, hubiese sido imposible asistir al hecho trascendental que se estaba consumando con la licitaci\u00f3n para distribuir energ\u00eda el\u00e9ctrica en \u00e1reas fundamentales de la producci\u00f3n de la provincia.<\/p>\n<p>Revelo que el proyecto integral se extiende desde la ruta 95, el eje norte-sur desde Ibarreta, hasta\u00a0 esta ciudad, espec\u00edficamente el r\u00edo Paraguay para electrificar, cambiar redes e incorporar usuarios nuevos radicados en las comunidades rurales cuya primera etapa se aprob\u00f3 en el marco de una licitaci\u00f3n cuyos sobres con ofertas procedieron a abrir el gobernador Insfran y el ministro de Agroindustria de la Naci\u00f3n, Ricardo Buryaile.<\/p>\n<p>Dirigi\u00e9ndose al integrante del gabinete nacional lo invito a un trabajo conjunto para que lo m\u00e1s pronto posible se puedan concretar la segunda y tercera etapas del proyecto.<\/p>\n<p>Aunque en esta etapa primera de las tres planificadas se contemplaron beneficios para 1616 familias, Ib\u00e1\u00f1ez cree que esa cifra se ha acrecentado en la actualidad y al momento de hacerse las obras, con 505 kil\u00f3metros de l\u00edneas nuevas.<\/p>\n<p>&nbsp;<\/p>\n<p>Trabajos previos<\/p>\n<p>&nbsp;<\/p>\n<p>Pero Ib\u00e1\u00f1ez centro su mensaje en las obras que debieron realizarse con antelaci\u00f3n para que fuese posible planificar la electrificaci\u00f3n rural que ahora se pone en marcha en el marco de una realidad el\u00e9ctrica que tuvo en Formosa su punto de inflexi\u00f3n entre 2009 y 2010 cuando el estado provincial se hizo cargo de la prestaci\u00f3n del servicio que antes hab\u00eda estado en manos privadas.<\/p>\n<p>El ministro hizo notar que el Plan El\u00e9ctrico marcaba como requisito primordial para el transporte de la energ\u00eda el\u00e9ctrica que la red de 500 kilovoltios que se extend\u00eda desde El Bracho , Tucum\u00e1n, hasta Resistencia, Chaco, llegara hasta Formosa se\u00f1alando que las gestiones fueron exitosas a punto tal que hacia fines de 2010 se inaugura la estaci\u00f3n transformadora de 500 KV \u201cGran Formosa\u201d a la salida de la ciudad, rumbo a Pirane, a la vera de la ruta 81, que permiti\u00f3 que fuese posible el anillado a trav\u00e9s de 600 kil\u00f3metros de l\u00edneas de alta tensi\u00f3n , una de las m\u00e1s grandes que se construyen en la Argentina<\/p>\n<p>&nbsp;<\/p>\n<p>L\u00ednea en 132 KV<\/p>\n<p>&nbsp;<\/p>\n<p>Comento que cumplido ese primer paso se avanzo en la planificaci\u00f3n para resolver la carencia en el sistema provincial de l\u00edneas de transmisi\u00f3n en 132 kilovoltios raz\u00f3n por la cual se licita, adjudica\u00a0 y construye la l\u00ednea en 132 KV en el tramo Clorinda-General Guemes-Ibarreta-Ingeniero Ju\u00e1rez totalizando m\u00e1s de 600 kil\u00f3metros m\u00e1s 8 estaciones transformadoras nuevas que permiten un anillo important\u00edsimo Clorinda-G\u00fcemes-Ibarreta-Formosa.<\/p>\n<p>Jorge Ib\u00e1\u00f1ez menciono luego que a partir de entonces se empieza a trabajar en las l\u00edneas de 33 kilovoltios con conexiones en distintos puntos de la provincia a las que se sumaron 5 estaciones transformadoras nuevas.<\/p>\n<p>Se refiri\u00f3, asimismo, a otras obras nuevas de alto valor para el sistema el\u00e9ctrico de esta ciudad tal el caso de la colocaci\u00f3n de un segundo transformador de 300 MVA en la estaci\u00f3n transformadora \u201cGran Formosa\u201d\u00a0 que se suma al original tambi\u00e9n de 300 que permite en la actualidad un margen\u00a0 del que se carec\u00eda para su transformaci\u00f3n en esa ET.<\/p>\n<p>&nbsp;<\/p>\n<p>Nuevas obras<\/p>\n<p>&nbsp;<\/p>\n<p>Cito, adem\u00e1s, a la construcci\u00f3n de la estaci\u00f3n transformadora \u201cFormosa III\u201d en jurisdicci\u00f3n del barrio La Nueva Formosa que permitir\u00e1 el abastecimiento a la zona sur de esta capital.<\/p>\n<p>En cuanto al interior, Ib\u00e1\u00f1ez informo sobre obras en el eje El Espinillo-Laguna Gallo; en la ruta 9 en el eje El Colorado-General Mansilla; el eje Ibarreta-Palo Santo-Perin y en el extremo oeste en el eje Laguna Yema-El Aybal para potenciar las bombas alli instaladas y el ultimo de los ejes que es el de Ingeniero Ju\u00e1rez-Mar\u00eda Cristina.<\/p>\n<p>\u201cTodo esto ha permitido- explico- que el consumo de 150 megavatios de los a\u00f1os 2009-2010 haya llegado a 314 como piso m\u00e1ximo de consumo en la provincia y que de 11.800 usuarios de aquella \u00e9poca se llegara a 179.400\u201d.<\/p>\n","protected":false},"excerpt":{"rendered":"<p>El ministro de Econom\u00eda, doctor Jorge Oscar Ib\u00e1\u00f1ez, fue el encargado de aludir al impacto favorable que tendr\u00e1n en todas las zonas rurales a partir de un eje norte-sur con epicentro en la ruta 95 y con alcances hacia el este hasta el r\u00edo Paraguay las obras de electrificaci\u00f3n cuya primera etapa- de las tres [&hellip;]<\/p>\n","protected":false},"author":11,"featured_media":18415,"comment_status":"open","ping_status":"open","sticky":false,"template":"","format":"standard","meta":{"footnotes":""},"categories":[21],"tags":[],"class_list":["post-18403","post","type-post","status-publish","format-standard","has-post-thumbnail","hentry","category-provinciales"],"_links":{"self":[{"href":"http:\/\/informeformosa.com.ar\/index.php?rest_route=\/wp\/v2\/posts\/18403","targetHints":{"allow":["GET"]}}],"collection":[{"href":"http:\/\/informeformosa.com.ar\/index.php?rest_route=\/wp\/v2\/posts"}],"about":[{"href":"http:\/\/informeformosa.com.ar\/index.php?rest_route=\/wp\/v2\/types\/post"}],"author":[{"embeddable":true,"href":"http:\/\/informeformosa.com.ar\/index.php?rest_route=\/wp\/v2\/users\/11"}],"replies":[{"embeddable":true,"href":"http:\/\/informeformosa.com.ar\/index.php?rest_route=%2Fwp%2Fv2%2Fcomments&post=18403"}],"version-history":[{"count":0,"href":"http:\/\/informeformosa.com.ar\/index.php?rest_route=\/wp\/v2\/posts\/18403\/revisions"}],"wp:featuredmedia":[{"embeddable":true,"href":"http:\/\/informeformosa.com.ar\/index.php?rest_route=\/wp\/v2\/media\/18415"}],"wp:attachment":[{"href":"http:\/\/informeformosa.com.ar\/index.php?rest_route=%2Fwp%2Fv2%2Fmedia&parent=18403"}],"wp:term":[{"taxonomy":"category","embeddable":true,"href":"http:\/\/informeformosa.com.ar\/index.php?rest_route=%2Fwp%2Fv2%2Fcategories&post=18403"},{"taxonomy":"post_tag","embeddable":true,"href":"http:\/\/informeformosa.com.ar\/index.php?rest_route=%2Fwp%2Fv2%2Ftags&post=18403"}],"curies":[{"name":"wp","href":"https:\/\/api.w.org\/{rel}","templated":true}]}}