{"id":18400,"date":"2017-09-28T19:01:27","date_gmt":"2017-09-28T22:01:27","guid":{"rendered":"http:\/\/informeformosa.com.ar\/?p=18400"},"modified":"2017-09-28T19:01:27","modified_gmt":"2017-09-28T22:01:27","slug":"escolares-del-barrio-namqom-renovaron-aprendizaje-sobre-cuidados-bucadentales","status":"publish","type":"post","link":"http:\/\/informeformosa.com.ar\/?p=18400","title":{"rendered":"Escolares del barrio Namqom renovaron aprendizaje sobre cuidados bucadentales"},"content":{"rendered":"<p>Ni\u00f1os de la escuela primaria del barrio Namqom participaron de una charla que tuvo por objetivo promover la salud bucal desde los primero a\u00f1os de vida como uno de los eslabones fundamentales en el cuidado de la salud integral de las personas.<\/p>\n<p>La misma estuvo a cargo del servicio de odontolog\u00eda del centro de salud del barrio, que adem\u00e1s cont\u00f3 con la colaboraci\u00f3n de otros\u00a0 profesionales y agentes (nutricionistas, enfermeros y promotores sanitarios), que conforman el\u00a0 equipo que trabaja diariamente velando por la salud de esta comunidad originaria de nuestra ciudad capital.<\/p>\n<p>Junto a padres, docentes y directivos, los escolares recibieron una completa informaci\u00f3n acerca de c\u00f3mo mantener sanos los dientes y las dem\u00e1s partes que componen la cavidad bucal.<\/p>\n<p>Los odont\u00f3logos del equipo hicieron hincapi\u00e9 en \u201ccumplir cada d\u00eda con medidas sencillas que contribuyen a tener la boca y los dientes sanos\u201d. En este marco, apuntaron principalmente a \u201cconsumir alimentos sanos\u201d con nutrientes indispensables para el buen crecimiento y desarrollo en general \u201cy sobre todo para los dientes\u201d. Al mismo tiempo, enfatizaron\u00a0 sobre la higiene bucal.<\/p>\n<p>\u201cEs fundamental que desde una edad temprana sepamos c\u00f3mo cuidar esta parte de nuestro cuerpo. Los ni\u00f1os son los destinatarios m\u00e1s importantes para difundir estos mensajes y concientizarlos en esta etapa de h\u00e1bitos saludables y medidas que aporten a su\u00a0 salud integral\u201d, comentaron los organizadores, que adem\u00e1s en estos d\u00edas est\u00e1n dando inicio a la semana de salud bucodental que se celebra cada a\u00f1o en la primera semana de octubre.<\/p>\n<p>Entre los temas abordados se hizo hincapi\u00e9 en: composici\u00f3n de la boca, las piezas dentarias y su crecimiento,\u00a0 la necesidad de sostener el buen estado de la salud bucal. T\u00e9cnicas correctas de cepillado \u201cadecuadas a la edad del ni\u00f1o\u201d, aplicaci\u00f3n del fl\u00faor, explicando \u201cpara qu\u00e9 sirve y c\u00f3mo ayuda al fortalecimiento de los dientes\u201d. Cada punto fue \u00a0adaptado \u201cpara una mejor y mayor comprensi\u00f3n de los chicos\u201d, aseguraron los profesionales.<\/p>\n<p>A su vez, los ni\u00f1os interactuaron con el equipo expositor, a trav\u00e9s de \u201cuna serie de disparadores que los hace pensar en sus h\u00e1bitos, de tal manera que ellos mismos puedan darse cuenta de cu\u00e1les son las cosas que hacen bien y cu\u00e1les las que hacen mal y perjudican a su salud bucodental\u201d. Esto permite que todos tomemos conciencia respecto a los h\u00e1bitos beneficiosos\u201d, remarcaron.<\/p>\n<p>A las exposiciones te\u00f3ricas de la jornada se sumaron demostraciones con l\u00e1minas, t\u00edteres y maquetas; en tanto que a los ni\u00f1os les fueron entregados \u201cmateriales gr\u00e1ficos educativos y kits odontol\u00f3gicos con cepillitos y crema dental\u201d, detallaron.<\/p>\n<p>Sobre el final insistieron en visitar al dentista \u201cal menos dos veces al a\u00f1o, como m\u00ednimo cada 6 meses\u201d para hacer el control bucodental; y \u201cpracticar en familia los h\u00e1bitos saludables porque los beneficios de estas pr\u00e1cticas, favorecen a la salud de todos\u201d.<\/p>\n","protected":false},"excerpt":{"rendered":"<p>Ni\u00f1os de la escuela primaria del barrio Namqom participaron de una charla que tuvo por objetivo promover la salud bucal desde los primero a\u00f1os de vida como uno de los eslabones fundamentales en el cuidado de la salud integral de las personas. La misma estuvo a cargo del servicio de odontolog\u00eda del centro de salud [&hellip;]<\/p>\n","protected":false},"author":11,"featured_media":18405,"comment_status":"open","ping_status":"open","sticky":false,"template":"","format":"standard","meta":{"footnotes":""},"categories":[4],"tags":[],"class_list":["post-18400","post","type-post","status-publish","format-standard","has-post-thumbnail","hentry","category-educacion"],"_links":{"self":[{"href":"http:\/\/informeformosa.com.ar\/index.php?rest_route=\/wp\/v2\/posts\/18400","targetHints":{"allow":["GET"]}}],"collection":[{"href":"http:\/\/informeformosa.com.ar\/index.php?rest_route=\/wp\/v2\/posts"}],"about":[{"href":"http:\/\/informeformosa.com.ar\/index.php?rest_route=\/wp\/v2\/types\/post"}],"author":[{"embeddable":true,"href":"http:\/\/informeformosa.com.ar\/index.php?rest_route=\/wp\/v2\/users\/11"}],"replies":[{"embeddable":true,"href":"http:\/\/informeformosa.com.ar\/index.php?rest_route=%2Fwp%2Fv2%2Fcomments&post=18400"}],"version-history":[{"count":0,"href":"http:\/\/informeformosa.com.ar\/index.php?rest_route=\/wp\/v2\/posts\/18400\/revisions"}],"wp:featuredmedia":[{"embeddable":true,"href":"http:\/\/informeformosa.com.ar\/index.php?rest_route=\/wp\/v2\/media\/18405"}],"wp:attachment":[{"href":"http:\/\/informeformosa.com.ar\/index.php?rest_route=%2Fwp%2Fv2%2Fmedia&parent=18400"}],"wp:term":[{"taxonomy":"category","embeddable":true,"href":"http:\/\/informeformosa.com.ar\/index.php?rest_route=%2Fwp%2Fv2%2Fcategories&post=18400"},{"taxonomy":"post_tag","embeddable":true,"href":"http:\/\/informeformosa.com.ar\/index.php?rest_route=%2Fwp%2Fv2%2Ftags&post=18400"}],"curies":[{"name":"wp","href":"https:\/\/api.w.org\/{rel}","templated":true}]}}