{"id":18240,"date":"2017-09-23T19:47:07","date_gmt":"2017-09-23T22:47:07","guid":{"rendered":"http:\/\/informeformosa.com.ar\/?p=18240"},"modified":"2017-09-23T19:47:07","modified_gmt":"2017-09-23T22:47:07","slug":"accion-y-crecimiento-escucho-y-brindo-respuesta-a-los-vecinos","status":"publish","type":"post","link":"http:\/\/informeformosa.com.ar\/?p=18240","title":{"rendered":"\u201cAcci\u00f3n y Crecimiento\u201d escuch\u00f3 y brindo respuesta a los vecinos"},"content":{"rendered":"<p>La agrupaci\u00f3n pol\u00edtica del Partido Justicialista \u201cAcci\u00f3n y Crecimiento\u201d, en este caso de la mano de C\u00e9sar \u201cChivo\u201d Ovelar, concurri\u00f3 al barrio Urbanizaci\u00f3n Espa\u00f1a donde se interiorizaron de la problem\u00e1tica de los vecinos y brindaron respuestas inmediatas, como el caso de la familia Silva, que recibi\u00f3 muletas para que un ni\u00f1o de 7 a\u00f1os pueda movilizarse, luego de sufrir lesiones producto de un accidente.<\/p>\n<p>Guillermina Matorra, madre de Alexis Silva coment\u00f3 ante la presencia del candidato Ovelar que su hijo tuvo un accidente cuando sal\u00eda de la escuela, luego de que metiera el pie en el rayo de la moto. Esto pas\u00f3 hace 5 semanas y ya lo intervinieron quir\u00fargicamente dos veces.<\/p>\n<p>En esa oportunidad les coment\u00f3 que necesita muletas para movilizarse, ya que es un ni\u00f1o de 7 a\u00f1os y les cuesta mucho tenerlo en brazos. \u201cAdem\u00e1s tengo otro hijo con problemitas de salud desde que naci\u00f3, \u00e9l tambi\u00e9n nos demanda mucha atenci\u00f3n y tenemos que llevarlo de un lado a otro en brazos\u201d, expres\u00f3.<\/p>\n<p>\u201cCuando los m\u00e9dicos nos plantearon la necesidad de que el use muletas para movilizarse hasta que su pie sane completamente, fuimos a su obra social a solicitar la muleta pero nos dijeron que eso no le cubr\u00eda, as\u00ed que recurrimos al candidato a concejal por la agrupaci\u00f3n Acci\u00f3n y Crecimiento C\u00e9sar \u201cChivo\u201d Ovelar para que ver si nos pod\u00eda ayudar a conseguir la muleta para nuestro hijo\u201d, describi\u00f3.<\/p>\n<p>Matorra cont\u00f3 que se sorprendieron \u201ccon la rapidez que nos dio una respuesta a nuestro pedido, lo solicitamos ayer jueves y hoy viernes ya nos trajeron. Estamos muy felices, esto nos va a dar un alivio y va a ayudar a mi hijo a poder moverse sin depender tanto de su pap\u00e1 o de m\u00ed\u201d, dijo.<\/p>\n<p>Por \u00faltimo, reiter\u00f3 su agradecimiento hacia el candidato a concejal \u201cChivo\u201d Ovelar, por su r\u00e1pida ayuda y \u201cpor venir \u00e9l mismo en persona a traernos las muletas y a interiorizarse por la salud de mi hijo; adem\u00e1s su puso a nuestra disposici\u00f3n para lo que necesitemos. Es muy grato tener personas as\u00ed que dan todo por la gente\u201d.<\/p>\n<p>Por su parte, el candidato \u201cChivo\u201d Ovelar manifest\u00f3 su intenci\u00f3n de continuar recorriendo los barrios y de hacer todo lo que est\u00e9 a su alcance para solucionar los problemas de los vecinos. \u201cPorque con acciones m\u00e1s que palabras demostramos que estamos al servicio de la gente\u201d, asegur\u00f3.<\/p>\n<p>&nbsp;<\/p>\n<p>Candidatos<\/p>\n<p>&nbsp;<\/p>\n<p>La Agrupaci\u00f3n del PJ, Acci\u00f3n y Crecimiento, tiene como candidatos a concejales titulares: Jos\u00e9 Mastori, Paula Ramirez, Cesar \u201cChivo\u201d Ovelar, Adriana Sigel, Elio Lottero, Araceli Pereira; y como\u00a0 suplentes Marcelo Silva, Nora Maciel, Ricardo Yunes y Monica Guillermo.<\/p>\n","protected":false},"excerpt":{"rendered":"<p>La agrupaci\u00f3n pol\u00edtica del Partido Justicialista \u201cAcci\u00f3n y Crecimiento\u201d, en este caso de la mano de C\u00e9sar \u201cChivo\u201d Ovelar, concurri\u00f3 al barrio Urbanizaci\u00f3n Espa\u00f1a donde se interiorizaron de la problem\u00e1tica de los vecinos y brindaron respuestas inmediatas, como el caso de la familia Silva, que recibi\u00f3 muletas para que un ni\u00f1o de 7 a\u00f1os pueda [&hellip;]<\/p>\n","protected":false},"author":11,"featured_media":18249,"comment_status":"open","ping_status":"open","sticky":false,"template":"","format":"standard","meta":{"footnotes":""},"categories":[2],"tags":[],"class_list":["post-18240","post","type-post","status-publish","format-standard","has-post-thumbnail","hentry","category-locales"],"_links":{"self":[{"href":"http:\/\/informeformosa.com.ar\/index.php?rest_route=\/wp\/v2\/posts\/18240","targetHints":{"allow":["GET"]}}],"collection":[{"href":"http:\/\/informeformosa.com.ar\/index.php?rest_route=\/wp\/v2\/posts"}],"about":[{"href":"http:\/\/informeformosa.com.ar\/index.php?rest_route=\/wp\/v2\/types\/post"}],"author":[{"embeddable":true,"href":"http:\/\/informeformosa.com.ar\/index.php?rest_route=\/wp\/v2\/users\/11"}],"replies":[{"embeddable":true,"href":"http:\/\/informeformosa.com.ar\/index.php?rest_route=%2Fwp%2Fv2%2Fcomments&post=18240"}],"version-history":[{"count":0,"href":"http:\/\/informeformosa.com.ar\/index.php?rest_route=\/wp\/v2\/posts\/18240\/revisions"}],"wp:featuredmedia":[{"embeddable":true,"href":"http:\/\/informeformosa.com.ar\/index.php?rest_route=\/wp\/v2\/media\/18249"}],"wp:attachment":[{"href":"http:\/\/informeformosa.com.ar\/index.php?rest_route=%2Fwp%2Fv2%2Fmedia&parent=18240"}],"wp:term":[{"taxonomy":"category","embeddable":true,"href":"http:\/\/informeformosa.com.ar\/index.php?rest_route=%2Fwp%2Fv2%2Fcategories&post=18240"},{"taxonomy":"post_tag","embeddable":true,"href":"http:\/\/informeformosa.com.ar\/index.php?rest_route=%2Fwp%2Fv2%2Ftags&post=18240"}],"curies":[{"name":"wp","href":"https:\/\/api.w.org\/{rel}","templated":true}]}}