{"id":18238,"date":"2017-09-23T19:27:53","date_gmt":"2017-09-23T22:27:53","guid":{"rendered":"http:\/\/informeformosa.com.ar\/?p=18238"},"modified":"2017-09-23T19:27:53","modified_gmt":"2017-09-23T22:27:53","slug":"inauguran-este-lunes-obra-educativa-en-esta-ciudad","status":"publish","type":"post","link":"http:\/\/informeformosa.com.ar\/?p=18238","title":{"rendered":"Inauguran este lunes obra educativa en esta ciudad"},"content":{"rendered":"<p>Con la inauguraci\u00f3n de este lunes del coqueto jard\u00edn de infantes de la Escuela Normal \u201cRep\u00fablica del Paraguay\u201d, se estar\u00e1 cuantificando en 3311 las obras educativas de la gesti\u00f3n Gildo Insfran,<\/p>\n<p>El acto esta previsto para las 9 en la intersecci\u00f3n de las avenidas 9 de Julio y Napole\u00f3n Uriburu, donde se erige esta edificaci\u00f3n del Plan Quinquenal que fue intervenida integralmente en un terreno de 2552 metros cuadrados, para su refacci\u00f3n y ampliaci\u00f3n, aunque respet\u00e1ndose su arquitectura original.<\/p>\n<p>Se ejecuto un programa de trabajo a fin de dotar a la edificaci\u00f3n de un espacio funcional, que comprendi\u00f3 en cuanto a refacciones en las cuatro aulas, la direcci\u00f3n, ba\u00f1o docente, cocina, despensa, sal\u00f3n de usos m\u00faltiples y sala de inform\u00e1tica.<\/p>\n<p>En cuanto a las obras de ampliaci\u00f3n, fue la incorporaci\u00f3n de un aula, la sala de docentes, dos dependencias, un nuevo sanitario, el patio de juegos para ni\u00f1os que incorporan un sector para peque\u00f1os con capacidades diferentes, el patio de formaci\u00f3n y las galer\u00edas.<\/p>\n<p>Acerca de los aspectos constructivos, dispone de cubierta de chapa, pisos gran\u00edticos, carpinter\u00eda de aluminio, parasoles de chapa doblada, cielorraso de PVC y revestimiento de cer\u00e1micos.<\/p>\n<p>Por otro lado la obra incluyo la provisi\u00f3n de matafuegos e instalaci\u00f3n contra incendio.<\/p>\n<p>Se coloco un cerco perimetral y rejas en el per\u00edmetro del terreno, adem\u00e1s de ejecutarse la vereda p\u00fablica, una atractiva parquizacion e iluminaci\u00f3n exterior.<\/p>\n","protected":false},"excerpt":{"rendered":"<p>Con la inauguraci\u00f3n de este lunes del coqueto jard\u00edn de infantes de la Escuela Normal \u201cRep\u00fablica del Paraguay\u201d, se estar\u00e1 cuantificando en 3311 las obras educativas de la gesti\u00f3n Gildo Insfran, El acto esta previsto para las 9 en la intersecci\u00f3n de las avenidas 9 de Julio y Napole\u00f3n Uriburu, donde se erige esta edificaci\u00f3n [&hellip;]<\/p>\n","protected":false},"author":11,"featured_media":18245,"comment_status":"open","ping_status":"open","sticky":false,"template":"","format":"standard","meta":{"footnotes":""},"categories":[4],"tags":[],"class_list":["post-18238","post","type-post","status-publish","format-standard","has-post-thumbnail","hentry","category-educacion"],"_links":{"self":[{"href":"http:\/\/informeformosa.com.ar\/index.php?rest_route=\/wp\/v2\/posts\/18238","targetHints":{"allow":["GET"]}}],"collection":[{"href":"http:\/\/informeformosa.com.ar\/index.php?rest_route=\/wp\/v2\/posts"}],"about":[{"href":"http:\/\/informeformosa.com.ar\/index.php?rest_route=\/wp\/v2\/types\/post"}],"author":[{"embeddable":true,"href":"http:\/\/informeformosa.com.ar\/index.php?rest_route=\/wp\/v2\/users\/11"}],"replies":[{"embeddable":true,"href":"http:\/\/informeformosa.com.ar\/index.php?rest_route=%2Fwp%2Fv2%2Fcomments&post=18238"}],"version-history":[{"count":0,"href":"http:\/\/informeformosa.com.ar\/index.php?rest_route=\/wp\/v2\/posts\/18238\/revisions"}],"wp:featuredmedia":[{"embeddable":true,"href":"http:\/\/informeformosa.com.ar\/index.php?rest_route=\/wp\/v2\/media\/18245"}],"wp:attachment":[{"href":"http:\/\/informeformosa.com.ar\/index.php?rest_route=%2Fwp%2Fv2%2Fmedia&parent=18238"}],"wp:term":[{"taxonomy":"category","embeddable":true,"href":"http:\/\/informeformosa.com.ar\/index.php?rest_route=%2Fwp%2Fv2%2Fcategories&post=18238"},{"taxonomy":"post_tag","embeddable":true,"href":"http:\/\/informeformosa.com.ar\/index.php?rest_route=%2Fwp%2Fv2%2Ftags&post=18238"}],"curies":[{"name":"wp","href":"https:\/\/api.w.org\/{rel}","templated":true}]}}