{"id":18237,"date":"2017-09-23T19:25:13","date_gmt":"2017-09-23T22:25:13","guid":{"rendered":"http:\/\/informeformosa.com.ar\/?p=18237"},"modified":"2017-09-23T19:25:13","modified_gmt":"2017-09-23T22:25:13","slug":"convenio-con-asociacion-civil-que-nuclea-a-personas-con-parkinson","status":"publish","type":"post","link":"http:\/\/informeformosa.com.ar\/?p=18237","title":{"rendered":"Convenio con asociaci\u00f3n civil que  nuclea a personas con Parkinson"},"content":{"rendered":"<p>La asociaci\u00f3n civil sin fines de lucro \u201cParki Form\u201d, cuya presidencia la ejerce Miguel Santiago L\u00f3pez, suscribi\u00f3 un convenio de cooperaci\u00f3n con la Defensoria del Pueblo, con el objetivo de que todos sus integrantes posean de manera permanente\u00a0 un asesoramiento y tratamiento en lo que respecta a sus derechos y garant\u00edas en especial en los que hacen a\u00a0 sus demandas de salud, pero sin dejar de lado que tambi\u00e9n todos sus asociados son usuarios y consumidores de nuestro mercado local.<\/p>\n<p>El presidente\u00a0 de este Grupo de Autoayuda y cuya sede funciona en el barrio Parque Urbano, m\u00e1s precisamente en la Av. Trinidad Gonzalez y Arenales, conjuntamente con su Vicepresidente, Fernando Cerimele, expresaron que trabajan d\u00eda ad\u00eda para contener mancomunadamente a todas aquellas personas que padecen el Parkinson y as\u00ed mejorar su calidad de vida y tambi\u00e9n la de su familia.<\/p>\n<p>El Ombudsman Provincial, Jos\u00e9 Leonardo Gialluca, conjuntamente con la doctora Mar\u00eda Eugenia Pereyra expresaron que \u201ctrabajaremos para que todas estas personas tengan una cobertura integral en lo que respecta a medicaci\u00f3n, cirug\u00edas y cumplimiento de las obligaciones de las obras sociales, tambi\u00e9n poder auxiliarlos en obtener los certificados de discapacidad cumpliendo con todos los requisitos y turnos\u00a0 que fija la Junta de Evaluaci\u00f3n de Discapacidad\u201d. Se explico que \u201cde acuerdo a la escala de Hoehn y Yahr de la etapa 1 a la 5, se piden Certificados M\u00e9dicos Especialistas donde conste el diagn\u00f3stico del paciente, estudios complementarios, DNI, y otras documentaciones y en donde todo tratamiento complementaria que son ordenados por los m\u00e9dicos como kinesiolog\u00eda, fonoaudiolog\u00eda, rehabilitaciones, se pueden lograr m\u00e1s r\u00e1pidamente, si nos encontramos trabajando todos juntos\u201d.<\/p>\n<p>Para todas aquellas personas o familias que quieran comunicarse y conocer los beneficios de este Convenio o hacerse simplemente socios para ayudar a las personas que padecen esta enfermedad podr\u00e1n consultar a los tel\u00e9fonos 4436379- 4436320- 4445655 y\/o a los correos electr\u00f3nicos <a href=\"mailto:depuefor@fibertel.com.ar\">depuefor@fibertel.com.ar<\/a>; <a href=\"mailto:denuncia@formosa.gov.ar\">denuncia@formosa.gov.ar<\/a>, o consultar con los Asesores Letrados Alejandro Ballesteros, Daniel Lezcano, que llevan adelante este Programa Conjunto de Cooperaci\u00f3n a favor de las personas que padecen de Parkinson.<\/p>\n","protected":false},"excerpt":{"rendered":"<p>La asociaci\u00f3n civil sin fines de lucro \u201cParki Form\u201d, cuya presidencia la ejerce Miguel Santiago L\u00f3pez, suscribi\u00f3 un convenio de cooperaci\u00f3n con la Defensoria del Pueblo, con el objetivo de que todos sus integrantes posean de manera permanente\u00a0 un asesoramiento y tratamiento en lo que respecta a sus derechos y garant\u00edas en especial en los [&hellip;]<\/p>\n","protected":false},"author":11,"featured_media":18243,"comment_status":"open","ping_status":"open","sticky":false,"template":"","format":"standard","meta":{"footnotes":""},"categories":[12],"tags":[],"class_list":["post-18237","post","type-post","status-publish","format-standard","has-post-thumbnail","hentry","category-salud"],"_links":{"self":[{"href":"http:\/\/informeformosa.com.ar\/index.php?rest_route=\/wp\/v2\/posts\/18237","targetHints":{"allow":["GET"]}}],"collection":[{"href":"http:\/\/informeformosa.com.ar\/index.php?rest_route=\/wp\/v2\/posts"}],"about":[{"href":"http:\/\/informeformosa.com.ar\/index.php?rest_route=\/wp\/v2\/types\/post"}],"author":[{"embeddable":true,"href":"http:\/\/informeformosa.com.ar\/index.php?rest_route=\/wp\/v2\/users\/11"}],"replies":[{"embeddable":true,"href":"http:\/\/informeformosa.com.ar\/index.php?rest_route=%2Fwp%2Fv2%2Fcomments&post=18237"}],"version-history":[{"count":0,"href":"http:\/\/informeformosa.com.ar\/index.php?rest_route=\/wp\/v2\/posts\/18237\/revisions"}],"wp:featuredmedia":[{"embeddable":true,"href":"http:\/\/informeformosa.com.ar\/index.php?rest_route=\/wp\/v2\/media\/18243"}],"wp:attachment":[{"href":"http:\/\/informeformosa.com.ar\/index.php?rest_route=%2Fwp%2Fv2%2Fmedia&parent=18237"}],"wp:term":[{"taxonomy":"category","embeddable":true,"href":"http:\/\/informeformosa.com.ar\/index.php?rest_route=%2Fwp%2Fv2%2Fcategories&post=18237"},{"taxonomy":"post_tag","embeddable":true,"href":"http:\/\/informeformosa.com.ar\/index.php?rest_route=%2Fwp%2Fv2%2Ftags&post=18237"}],"curies":[{"name":"wp","href":"https:\/\/api.w.org\/{rel}","templated":true}]}}