{"id":18211,"date":"2017-09-22T20:11:01","date_gmt":"2017-09-22T23:11:01","guid":{"rendered":"http:\/\/informeformosa.com.ar\/?p=18211"},"modified":"2017-09-22T20:11:01","modified_gmt":"2017-09-22T23:11:01","slug":"pirane-albergo-el-acto-de-inauguracion-de-la-obra-educativa-1310-de-la-gestion-insfran","status":"publish","type":"post","link":"http:\/\/informeformosa.com.ar\/?p=18211","title":{"rendered":"Pirane albergo el acto de inauguraci\u00f3n de la obra educativa 1310 de la gesti\u00f3n Insfran"},"content":{"rendered":"<p>Con la inauguraci\u00f3n oficial de los trabajos integrales de refacci\u00f3n y ampliaci\u00f3n del Instituto \u201cMonte Calvario\u201d en Piran\u00e9, se cuantifica en 1310 las obras educativas ejecutadas por la gesti\u00f3n del go0bernador Gildo Insfran.<\/p>\n<p>Fue este viernes por la ma\u00f1ana en ceremonia presidida por el Jefe de Gabinete, Antonio Ferreira junto al intendente lugare\u00f1o, Juan Zaragoza, donde el diputado provincial Rodrigo Vera destac\u00f3 que los nuevos establecimientos educativos \u201cno son s\u00f3lo ladrillos y pintura, son obras que tocan el coraz\u00f3n y cambian la vida de la gente\u201d.<\/p>\n<p>Fue en ese marco donde \u00a0el legislador habl\u00f3 del peligro de \u201cnaturalizar las cosas, como si ocurrieran todos los d\u00edas, como si fuera normal que sucedan\u201d, estimulando a \u201cvalorar en su justa dimensi\u00f3n este gran logro de todo el pueblo formose\u00f1o que significa la inauguraci\u00f3n de la escuela n\u00famero 1310 de la gesti\u00f3n del gobernador Insfr\u00e1n en la provincia, un logro que beneficia a la totalidad de los ni\u00f1os de Formosa que permite la escolaridad plena de ellos\u201d.<\/p>\n<p>\u201cEsto quiere decir que no hay ni\u00f1o o ni\u00f1a en esta provincia que no tenga a disposici\u00f3n cerca una escuela, donde pueda ir de manera gratuita, donde pueda recibir sus \u00fatiles y guardapolvos el primer d\u00eda de clases, donde sus docentes sean tambi\u00e9n atendidos y eso en muy pocos lugares de la Argentina se puede contar con tanto orgullo como aqu\u00ed\u201d, resalt\u00f3.<\/p>\n<p>Puso de relieve que \u201cestas escuelas no son s\u00f3lo ladrillos y pintura, sino que tienen un profundo sentido. No son s\u00f3lo palabras que se las lleva el viento, son obras que tocan el coraz\u00f3n y cambian la vida de la gente\u201d.<\/p>\n<p>Tras insistir que \u201cen Formosa la educaci\u00f3n es el nuevo rostro de la justicia social\u201d, record\u00f3 las palabras de una joven wich\u00ed que en la inauguraci\u00f3n de su escuela en el marco de la reciente gira por el oeste formose\u00f1o del gobernador Insfr\u00e1n, quien hab\u00eda dicho que \u201cel azul es el color de la justicia social\u201d. En ese sentido, el doctor Vera asinti\u00f3 diciendo que \u201cviendo los techos de las escuelas, los hospitales, los centros de salud, sin dudas que dec\u00eda la verdad\u201d.<\/p>\n<p><strong>\u00a0<\/strong><\/p>\n<p><strong>Derechos humanos<\/strong><\/p>\n<p>&nbsp;<\/p>\n<p>Para el legislador \u201clas obras y soluciones concretas es la mejor manera de trabajar por los derechos humanos de un pueblo, no con discursos vac\u00edos, tendenciosos y mentirosos\u201d.<\/p>\n<p>En esa l\u00ednea refiri\u00f3 a la reciente visita del secretario de Derechos Humanos de la Naci\u00f3n, Claudio Arvuj, se\u00f1alando que \u201cse reuni\u00f3 con dirigentes de la oposici\u00f3n y en cinco minutos lleg\u00f3 a la conclusi\u00f3n de que todos los formose\u00f1os somos discriminadores y critic\u00f3 duramente la pol\u00edtica ind\u00edgena de la provincia\u201d.<\/p>\n<p>\u201cJustamente Formosa \u2013amplio-, que es pionera en el pa\u00eds en pol\u00edticas ind\u00edgenas, con 35 a\u00f1os de trayectoria, con m\u00e1s de 450 escuelas de educaci\u00f3n intercultural biling\u00fce, medio millar de docentes memas, m\u00e1s de 350 mil hect\u00e1reas de propiedad comunitaria\u201d, concluyendo en que este funcionario federal \u201cacaba de descubrir a los pueblos originarios, tratando de invisibilizar 35 a\u00f1os de lucha de los pueblos originarios formose\u00f1os y de todo el pueblo de esta provincia\u201d.<\/p>\n<p>Propuso \u201ccon humildad\u201d a los funcionarios nacionales que en sus visitas \u201cen vez de ser tan soberbios y querer darnos lecciones, quiz\u00e1s con esa cuota de humildad, podr\u00edan venir a aprender a Formosa c\u00f3mo se hace una pol\u00edtica de inclusi\u00f3n social, educativa, sanitaria, econ\u00f3mica\u2026\u00a0 porque, por lo menos si no quieren aprender, deber\u00edan dar algunas explicaciones\u201d.<\/p>\n<p>Interrog\u00f3 en ese sentido: \u201cPor qu\u00e9 cortaron 83 mil pensiones por discapacidad, por qu\u00e9 desfinancian los planes de viviendas de modalidad aborigen, por qu\u00e9 terminaron con la coordinaci\u00f3n de educaci\u00f3n intercultural biling\u00fce, por qu\u00e9 en vez de favorecer el acceso al agua potable y la energ\u00eda decidieron un brutal tarifazo que pone en riesgo las econom\u00edas familiares. Y si este se\u00f1or (Arvuj) no quiere dar todas estas explicaciones, por lo menos que nos diga d\u00f3nde est\u00e1 Santiago Maldonado\u201d, sentenci\u00f3 despertando los aplausos de los presentes.<\/p>\n<p>Finalmente, Vera expuso que \u201cas\u00ed como no tenemos que caer en el riesgo de naturalizar lo lindo y lo bueno como son estas escuelas, tampoco tenemos que naturalizar lo malo y acostumbrarnos a que nos desprecien y nos falten el respeto de esa manera\u201d.<\/p>\n<p><strong>\u00a0<\/strong><\/p>\n<p><strong>El jefe comunal<\/strong><\/p>\n<p>&nbsp;<\/p>\n<p>En el marco de la inauguraci\u00f3n, el intendente de la localidad de Piran\u00e9, Juan Domingo Zaragoza brindo un sentido y emocionante discurso, afirmo que \u201cde haber sabido que este gobierno iba a permitirme acompa\u00f1ar en las inauguraciones de tres obras educativas, en tan solo 20 meses de gesti\u00f3n, hubiese intentado ser intendente mucho antes\u201d.<\/p>\n<p>Revelo que \u201cesta es una de las satisfacciones que me da la vida, quiero reafirmar el gran compromiso que tenemos con el gobierno provincial. Estas obras eran impensadas para algunos y el gobierno provincial las hizo realidad\u201d<\/p>\n<p>Adem\u00e1s dirigi\u00e9ndose al pueblo piranense record\u00f3 que \u201cel gobierno nos acompa\u00f1a en muchas obras, obras que son muy importantes e indispensables para la felicidad de todo el pueblo, si somos hombres y mujeres de buena fe, debemos acompa\u00f1ar a este gobierno, porque lo que importa es lo que se ve, lo que se palpa, lo que se toca y estas obras son un reflejo del compromiso que tiene la gesti\u00f3n del gobernador Insfr\u00e1n para mejorar nuestro modo de vida y as\u00ed lograr la equidad y la justicia social\u201d.<\/p>\n","protected":false},"excerpt":{"rendered":"<p>Con la inauguraci\u00f3n oficial de los trabajos integrales de refacci\u00f3n y ampliaci\u00f3n del Instituto \u201cMonte Calvario\u201d en Piran\u00e9, se cuantifica en 1310 las obras educativas ejecutadas por la gesti\u00f3n del go0bernador Gildo Insfran. Fue este viernes por la ma\u00f1ana en ceremonia presidida por el Jefe de Gabinete, Antonio Ferreira junto al intendente lugare\u00f1o, Juan Zaragoza, [&hellip;]<\/p>\n","protected":false},"author":11,"featured_media":18216,"comment_status":"open","ping_status":"open","sticky":false,"template":"","format":"standard","meta":{"footnotes":""},"categories":[11],"tags":[],"class_list":["post-18211","post","type-post","status-publish","format-standard","has-post-thumbnail","hentry","category-interior"],"_links":{"self":[{"href":"http:\/\/informeformosa.com.ar\/index.php?rest_route=\/wp\/v2\/posts\/18211","targetHints":{"allow":["GET"]}}],"collection":[{"href":"http:\/\/informeformosa.com.ar\/index.php?rest_route=\/wp\/v2\/posts"}],"about":[{"href":"http:\/\/informeformosa.com.ar\/index.php?rest_route=\/wp\/v2\/types\/post"}],"author":[{"embeddable":true,"href":"http:\/\/informeformosa.com.ar\/index.php?rest_route=\/wp\/v2\/users\/11"}],"replies":[{"embeddable":true,"href":"http:\/\/informeformosa.com.ar\/index.php?rest_route=%2Fwp%2Fv2%2Fcomments&post=18211"}],"version-history":[{"count":0,"href":"http:\/\/informeformosa.com.ar\/index.php?rest_route=\/wp\/v2\/posts\/18211\/revisions"}],"wp:featuredmedia":[{"embeddable":true,"href":"http:\/\/informeformosa.com.ar\/index.php?rest_route=\/wp\/v2\/media\/18216"}],"wp:attachment":[{"href":"http:\/\/informeformosa.com.ar\/index.php?rest_route=%2Fwp%2Fv2%2Fmedia&parent=18211"}],"wp:term":[{"taxonomy":"category","embeddable":true,"href":"http:\/\/informeformosa.com.ar\/index.php?rest_route=%2Fwp%2Fv2%2Fcategories&post=18211"},{"taxonomy":"post_tag","embeddable":true,"href":"http:\/\/informeformosa.com.ar\/index.php?rest_route=%2Fwp%2Fv2%2Ftags&post=18211"}],"curies":[{"name":"wp","href":"https:\/\/api.w.org\/{rel}","templated":true}]}}