{"id":18191,"date":"2017-09-21T20:30:34","date_gmt":"2017-09-21T23:30:34","guid":{"rendered":"http:\/\/informeformosa.com.ar\/?p=18191"},"modified":"2017-09-21T20:30:34","modified_gmt":"2017-09-21T23:30:34","slug":"cpcef-formosa-en-jornada-de-ciencias-economicas-del-nea","status":"publish","type":"post","link":"http:\/\/informeformosa.com.ar\/?p=18191","title":{"rendered":"CPCEF: Formosa en jornada de ciencias econ\u00f3micas del NEA"},"content":{"rendered":"<p>El presidente del Consejo de Ciencias Econ\u00f3micas de Formosa, contador Andr\u00e9s Pablo Ben\u00edtez, coment\u00f3 que d\u00edas atr\u00e1s se realiz\u00f3 en la sede del CPCE del Chaco, el II Encuentro Regional NEA del cual participaron los consejos de profesionales de ciencias econ\u00f3micas del NEA.<\/p>\n<p>Dicha reuni\u00f3n se encuadro en los Espacios Consultivos de los Consejos Profesionales de Ciencias Econ\u00f3micas con la Administraci\u00f3n Federal de Ingresos P\u00fablicos, avalados por la FACPCE.<\/p>\n<p>En la oportunidad se abordaron temas como Embargo de Cuentas. Relaci\u00f3n de pagos de impuestos por medios electr\u00f3nicos. Constancias y Facturaci\u00f3n Electr\u00f3nica de SENASA.<\/p>\n<p>El coordinador de la Regi\u00f3n NEA, Contador Oscar Kraupner, explic\u00f3 que los trabajos consistieron en mesas de di\u00e1logo, oportunidad\u00a0 en que se abordaron temas de car\u00e1cter regional, como por ejemplo cuestiones en ganader\u00eda y sus problem\u00e1ticas.<\/p>\n<p>Adem\u00e1s se trataron temas referidos al accionar del profesional en Ciencias Econ\u00f3micas y la relaci\u00f3n con su cliente.<\/p>\n<p>En esta oportunidad, se hizo hincapi\u00e9 en lo referido a los Embargos de Cuentas. \u201cEn este sentido, estamos consiguiendo que el Banco Central emita una resoluci\u00f3n para que no se embarguen todas las cuentas de un determinado cliente\u00bb. \u00abA esto tambi\u00e9n se suma el embargo del monto adeudado y no toda la cuenta\u201d. \u201cEsto ese es un logro a punto de salir para la zona\u201d, resalt\u00f3.<\/p>\n<p>Asimismo, cont\u00f3 Kraupner, se habl\u00f3 sobre las constancias de inscripciones para emitir una factura o pagos electr\u00f3nicos, incluyendo a monotributistas. Y los problemas de conectividad para lo cual se est\u00e1 trabajando arduamente en encontrar soluciones.<\/p>\n<p>En cuanto al sector de la ganader\u00eda, explic\u00f3 que el productor marca una trazabilidad de los animales desde cuando nace, hasta el frigor\u00edfico. \u201cEsto se inicia con una gu\u00eda que emite\u00a0 SENASA que actualmente no se corrobora la veracidad o vigencia del CUIT\u201d.<\/p>\n<p>\u201cEl contador se encuentra con un CUIT inv\u00e1lido o un contribuyente que no registra impuestos\u201d. \u201cEsto es un inconveniente. Por eso se est\u00e1 trabajando en este sentido para el control previo de verificaci\u00f3n y obligatoriedad para todos\u201d, puntualiz\u00f3 al respecto.<\/p>\n<p>Fue categ\u00f3rico y remarc\u00f3 la importancia de que \u201cempresarios y contribuyentes tomen conciencia sobre la formalidad y requerimientos\u201d.<\/p>\n<p>\u201cSon requisitos a efectos de unificar trabajos, certificaciones, estados contables de m\u00e1xima calidad t\u00e9cnica, exposiciones para ser presentadas en entidades bancarias para cr\u00e9ditos, planes o programas\u201d, afirm\u00f3.<\/p>\n<p>De esta manera, indic\u00f3 que los pagos electr\u00f3nicos son el futuro. \u201cEstamos trabajando desde el Consejo Profesional, organizando jornadas de capacitaci\u00f3n en Formosa, Clorinda y en El Colorado, difundiendo el trabajo de las reuniones y en cuanto a requisitos para la certificaci\u00f3n de trabajos, exigencias de datos de estados contables para salvaguardar al matriculado y no solamente la legalizaci\u00f3n de la firma\u201d.<\/p>\n<p>En este sentido, coment\u00f3 que el Consejo Profesional de Ciencias Econ\u00f3micas de Formosa tiene el orgullo que el \u201cmodelo de informe de los estados contables\u201d, en un 90 por ciento surge del presentado por Formosa.<\/p>\n<p>Finalmente, comentaron que est\u00e1 en carpeta un proyecto en el Congreso de la Naci\u00f3n de trabajar en un Revalu\u00f3 Impositivo Obligatorio, y Contable que ser\u00eda optativo.<\/p>\n","protected":false},"excerpt":{"rendered":"<p>El presidente del Consejo de Ciencias Econ\u00f3micas de Formosa, contador Andr\u00e9s Pablo Ben\u00edtez, coment\u00f3 que d\u00edas atr\u00e1s se realiz\u00f3 en la sede del CPCE del Chaco, el II Encuentro Regional NEA del cual participaron los consejos de profesionales de ciencias econ\u00f3micas del NEA. Dicha reuni\u00f3n se encuadro en los Espacios Consultivos de los Consejos Profesionales [&hellip;]<\/p>\n","protected":false},"author":11,"featured_media":18201,"comment_status":"open","ping_status":"open","sticky":false,"template":"","format":"standard","meta":{"footnotes":""},"categories":[3],"tags":[],"class_list":["post-18191","post","type-post","status-publish","format-standard","has-post-thumbnail","hentry","category-politica-y-economia"],"_links":{"self":[{"href":"http:\/\/informeformosa.com.ar\/index.php?rest_route=\/wp\/v2\/posts\/18191","targetHints":{"allow":["GET"]}}],"collection":[{"href":"http:\/\/informeformosa.com.ar\/index.php?rest_route=\/wp\/v2\/posts"}],"about":[{"href":"http:\/\/informeformosa.com.ar\/index.php?rest_route=\/wp\/v2\/types\/post"}],"author":[{"embeddable":true,"href":"http:\/\/informeformosa.com.ar\/index.php?rest_route=\/wp\/v2\/users\/11"}],"replies":[{"embeddable":true,"href":"http:\/\/informeformosa.com.ar\/index.php?rest_route=%2Fwp%2Fv2%2Fcomments&post=18191"}],"version-history":[{"count":0,"href":"http:\/\/informeformosa.com.ar\/index.php?rest_route=\/wp\/v2\/posts\/18191\/revisions"}],"wp:featuredmedia":[{"embeddable":true,"href":"http:\/\/informeformosa.com.ar\/index.php?rest_route=\/wp\/v2\/media\/18201"}],"wp:attachment":[{"href":"http:\/\/informeformosa.com.ar\/index.php?rest_route=%2Fwp%2Fv2%2Fmedia&parent=18191"}],"wp:term":[{"taxonomy":"category","embeddable":true,"href":"http:\/\/informeformosa.com.ar\/index.php?rest_route=%2Fwp%2Fv2%2Fcategories&post=18191"},{"taxonomy":"post_tag","embeddable":true,"href":"http:\/\/informeformosa.com.ar\/index.php?rest_route=%2Fwp%2Fv2%2Ftags&post=18191"}],"curies":[{"name":"wp","href":"https:\/\/api.w.org\/{rel}","templated":true}]}}